{"id":153,"date":"2025-06-30T14:29:35","date_gmt":"2025-06-30T17:29:35","guid":{"rendered":"https:\/\/www.ccta.ufpb.br\/dac\/?p=153"},"modified":"2025-06-30T14:29:52","modified_gmt":"2025-06-30T17:29:52","slug":"curso-de-extensao-pilates-solo","status":"publish","type":"post","link":"https:\/\/www.ccta.ufpb.br\/dac\/curso-de-extensao-do-dac\/curso-de-extensao-pilates-solo\/","title":{"rendered":"Curso de extens\u00e3o Pilates Solo"},"content":{"rendered":"\n<p class=\"wp-block-paragraph\">O curso de extens\u00e3o <strong>Pilates Solo<\/strong> \u00e9 uma a\u00e7\u00e3o do projeto \u201c<strong>Roda de cuidados como pr\u00e1tica do bem viver: aproximando a\u00e7\u00f5es art\u00edstico-pedag\u00f3gicas do campo da sa\u00fade<\/strong>\u201d, coordenado pela Professora Doutora <strong>B\u00e1rbara Santos<\/strong> &#8211; <strong>DAC\/CCTA<\/strong>. As inscri\u00e7\u00f5es acontecer\u00e3o exclusivamente na quarta-feira, 02\/07, por meio do seguinte <em><a href=\"https:\/\/sigaa.ufpb.br\/sigaa\/public\/extensao\/paginaListaPeriodosInscricoesAtividadesPublico.jsf?aba=p-extensao\">link<\/a><\/em>:<\/p>\n\n\n\n<p class=\"has-text-align-center wp-block-paragraph\"><a href=\"https:\/\/sigaa.ufpb.br\/sigaa\/public\/extensao\/paginaListaPeriodosInscricoesAtividadesPublico.jsf?aba=p-extensao\">https:\/\/sigaa.ufpb.br\/sigaa\/public\/extensao\/paginaListaPeriodosInscricoesAtividadesPublico.jsf?aba=p-extensao<\/a><\/p>\n\n\n\n<figure class=\"wp-block-image size-large\"><img loading=\"lazy\" decoding=\"async\" width=\"819\" height=\"1024\" src=\"http:\/\/www.ccta.ufpb.br\/dac\/wp-content\/uploads\/sites\/102\/sites\/289\/2025\/06\/1000332422-819x1024.jpg\" alt=\"\" class=\"wp-image-154\" srcset=\"https:\/\/www.ccta.ufpb.br\/dac\/wp-content\/uploads\/sites\/102\/sites\/289\/2025\/06\/1000332422-819x1024.jpg 819w, https:\/\/www.ccta.ufpb.br\/dac\/wp-content\/uploads\/sites\/102\/sites\/289\/2025\/06\/1000332422-240x300.jpg 240w, https:\/\/www.ccta.ufpb.br\/dac\/wp-content\/uploads\/sites\/102\/sites\/289\/2025\/06\/1000332422-768x960.jpg 768w, https:\/\/www.ccta.ufpb.br\/dac\/wp-content\/uploads\/sites\/102\/sites\/289\/2025\/06\/1000332422.jpg 1080w\" sizes=\"auto, (max-width: 819px) 100vw, 819px\" \/><\/figure>\n\n\n\n<p class=\"wp-block-paragraph\"><\/p>\n\n\n\n<p class=\"wp-block-paragraph\">No caso de d\u00favida, entre em contato pelo <em>e-mail<\/em>:&nbsp;<a href=\"mailto:praticasdobemviver@gmail.com\" target=\"_blank\" rel=\"noreferrer noopener\">praticasdobemviver@gmail.com<\/a><\/p>\n\n\n\n<p class=\"wp-block-paragraph\">In\u00edcio das aulas: 07\/07\/2025 &#8211; <strong>vagas limitadas<\/strong>!<\/p>\n","protected":false},"excerpt":{"rendered":"<p>O curso de extens\u00e3o Pilates Solo \u00e9 uma a\u00e7\u00e3o do projeto \u201cRoda de cuidados como [&hellip;]<\/p>\n","protected":false},"author":122,"featured_media":154,"comment_status":"closed","ping_status":"open","sticky":false,"template":"","format":"standard","meta":{"footnotes":""},"categories":[6],"tags":[],"class_list":["post-153","post","type-post","status-publish","format-standard","has-post-thumbnail","hentry","category-curso-de-extensao-do-dac"],"_links":{"self":[{"href":"https:\/\/www.ccta.ufpb.br\/dac\/wp-json\/wp\/v2\/posts\/153","targetHints":{"allow":["GET"]}}],"collection":[{"href":"https:\/\/www.ccta.ufpb.br\/dac\/wp-json\/wp\/v2\/posts"}],"about":[{"href":"https:\/\/www.ccta.ufpb.br\/dac\/wp-json\/wp\/v2\/types\/post"}],"author":[{"embeddable":true,"href":"https:\/\/www.ccta.ufpb.br\/dac\/wp-json\/wp\/v2\/users\/122"}],"replies":[{"embeddable":true,"href":"https:\/\/www.ccta.ufpb.br\/dac\/wp-json\/wp\/v2\/comments?post=153"}],"version-history":[{"count":2,"href":"https:\/\/www.ccta.ufpb.br\/dac\/wp-json\/wp\/v2\/posts\/153\/revisions"}],"predecessor-version":[{"id":156,"href":"https:\/\/www.ccta.ufpb.br\/dac\/wp-json\/wp\/v2\/posts\/153\/revisions\/156"}],"wp:featuredmedia":[{"embeddable":true,"href":"https:\/\/www.ccta.ufpb.br\/dac\/wp-json\/wp\/v2\/media\/154"}],"wp:attachment":[{"href":"https:\/\/www.ccta.ufpb.br\/dac\/wp-json\/wp\/v2\/media?parent=153"}],"wp:term":[{"taxonomy":"category","embeddable":true,"href":"https:\/\/www.ccta.ufpb.br\/dac\/wp-json\/wp\/v2\/categories?post=153"},{"taxonomy":"post_tag","embeddable":true,"href":"https:\/\/www.ccta.ufpb.br\/dac\/wp-json\/wp\/v2\/tags?post=153"}],"curies":[{"name":"wp","href":"https:\/\/api.w.org\/{rel}","templated":true}]}}