{"id":586,"date":"2026-06-05T18:53:06","date_gmt":"2026-06-05T21:53:06","guid":{"rendered":"https:\/\/www.ccta.ufpb.br\/dac\/?p=586"},"modified":"2026-06-09T13:24:45","modified_gmt":"2026-06-09T16:24:45","slug":"projeto-coreografico-promove-brecho-online","status":"publish","type":"post","link":"https:\/\/www.ccta.ufpb.br\/dac\/campanha\/projeto-coreografico-promove-brecho-online\/","title":{"rendered":"Projeto Coreogr\u00e1fico promove brech\u00f3 online"},"content":{"rendered":"\n<p class=\"wp-block-paragraph\">A disciplina <strong>Projeto Coreogr\u00e1fico<\/strong> do curso de <strong>Licenciatura em Dan\u00e7a<\/strong> &#8211; CCTA\/UFPB est\u00e1 realizando um brech\u00f3 com vendas <em>online<\/em>. A iniciativa busca arrecadar recursos para apoiar as atividades desenvolvidas por estudantes da disciplina e fortalecer as a\u00e7\u00f5es acad\u00eamicas e art\u00edsticas do curso.<\/p>\n\n\n\n<p class=\"wp-block-paragraph\">A comunidade universit\u00e1ria e o p\u00fablico em geral podem participar adquirindo roupas, acess\u00f3rios e outros itens disponibilizados pelo brech\u00f3. As vendas acontecem por meio de um grupo de <em>WhatsApp<\/em>, onde s\u00e3o divulgados os produtos, valores e orienta\u00e7\u00f5es para compra.<\/p>\n\n\n\n<p class=\"wp-block-paragraph\">Para acessar o <strong>grupo do Brech\u00f3 <em>online<\/em><\/strong>, utilize o <em>link<\/em>:<\/p>\n\n\n\n<p class=\"wp-block-paragraph\"><a href=\"https:\/\/chat.whatsapp.com\/IEHzlom3mJJIZYeqAqomxE?s=sw&amp;p=a&amp;mlu=1\">https:\/\/chat.whatsapp.com\/IEHzlom3mJJIZYeqAqomxE?s=sw&amp;p=a&amp;mlu=1<\/a><\/p>\n\n\n\n<p class=\"wp-block-paragraph\">Estudantes, servidores(as), artistas e toda a comunidade s\u00e3o convidados(as) a conhecer as pe\u00e7as dispon\u00edveis e contribuir com a iniciativa.<\/p>\n\n\n\n<p class=\"wp-block-paragraph\">Al\u00e9m de incentivar o reaproveitamento de produtos e o consumo consciente, a a\u00e7\u00e3o fortalece atividades de ensino vinculadas ao curso de <strong>Licenciatura em Dan\u00e7a <\/strong>da UFPB.<\/p>\n\n\n\n<p class=\"wp-block-paragraph\">Apoie o <strong>Projeto Coreogr\u00e1fico<\/strong> participando do brech\u00f3 e divulgando essa iniciativa!<\/p>\n\n\n\n<p class=\"wp-block-paragraph\">Se preferir, voc\u00ea tamb\u00e9m pode contribuir por meio de <a href=\"http:\/\/www.ccta.ufpb.br\/dac\/wp-content\/uploads\/sites\/102\/sites\/289\/2026\/06\/campanha_pix.pdf\">doa\u00e7\u00e3o via PIX<\/a>.<\/p>\n\n\n\n<p class=\"wp-block-paragraph\"><\/p>\n\n\n\n<h2 class=\"wp-block-heading\"><div class=\"linha-header\">Fonte<\/div><\/h2>\n\n\n\n<p class=\"wp-block-paragraph\">O conte\u00fado previamente apresentado foi amplamente elaborado em Linguagem Simples por&nbsp;<a href=\"https:\/\/chatgpt.com\/g\/g-67ab8c842b148191b497b2e150fa993b-gralha\/c\/68307ae4-34c4-800c-abcd-872ab36a7983\">GRALHA<\/a>.<\/p>\n\n\n\n<figure class=\"wp-block-image size-large\"><img loading=\"lazy\" decoding=\"async\" width=\"1024\" height=\"297\" src=\"http:\/\/www.ccta.ufpb.br\/dac\/wp-content\/uploads\/sites\/102\/sites\/289\/2025\/04\/dac8-1-1024x297.jpeg\" alt=\"\" class=\"wp-image-23\" srcset=\"https:\/\/www.ccta.ufpb.br\/dac\/wp-content\/uploads\/sites\/102\/sites\/289\/2025\/04\/dac8-1-1024x297.jpeg 1024w, https:\/\/www.ccta.ufpb.br\/dac\/wp-content\/uploads\/sites\/102\/sites\/289\/2025\/04\/dac8-1-300x87.jpeg 300w, https:\/\/www.ccta.ufpb.br\/dac\/wp-content\/uploads\/sites\/102\/sites\/289\/2025\/04\/dac8-1-768x223.jpeg 768w, https:\/\/www.ccta.ufpb.br\/dac\/wp-content\/uploads\/sites\/102\/sites\/289\/2025\/04\/dac8-1-1536x445.jpeg 1536w, https:\/\/www.ccta.ufpb.br\/dac\/wp-content\/uploads\/sites\/102\/sites\/289\/2025\/04\/dac8-1.jpeg 1600w\" sizes=\"auto, (max-width: 1024px) 100vw, 1024px\" \/><\/figure>\n","protected":false},"excerpt":{"rendered":"<p>A disciplina Projeto Coreogr\u00e1fico do curso de Licenciatura em Dan\u00e7a &#8211; CCTA\/UFPB est\u00e1 realizando um [&hellip;]<\/p>\n","protected":false},"author":122,"featured_media":5,"comment_status":"closed","ping_status":"","sticky":false,"template":"","format":"standard","meta":{"footnotes":""},"categories":[7],"tags":[],"class_list":["post-586","post","type-post","status-publish","format-standard","has-post-thumbnail","hentry","category-campanha"],"_links":{"self":[{"href":"https:\/\/www.ccta.ufpb.br\/dac\/wp-json\/wp\/v2\/posts\/586","targetHints":{"allow":["GET"]}}],"collection":[{"href":"https:\/\/www.ccta.ufpb.br\/dac\/wp-json\/wp\/v2\/posts"}],"about":[{"href":"https:\/\/www.ccta.ufpb.br\/dac\/wp-json\/wp\/v2\/types\/post"}],"author":[{"embeddable":true,"href":"https:\/\/www.ccta.ufpb.br\/dac\/wp-json\/wp\/v2\/users\/122"}],"replies":[{"embeddable":true,"href":"https:\/\/www.ccta.ufpb.br\/dac\/wp-json\/wp\/v2\/comments?post=586"}],"version-history":[{"count":11,"href":"https:\/\/www.ccta.ufpb.br\/dac\/wp-json\/wp\/v2\/posts\/586\/revisions"}],"predecessor-version":[{"id":615,"href":"https:\/\/www.ccta.ufpb.br\/dac\/wp-json\/wp\/v2\/posts\/586\/revisions\/615"}],"wp:featuredmedia":[{"embeddable":true,"href":"https:\/\/www.ccta.ufpb.br\/dac\/wp-json\/wp\/v2\/media\/5"}],"wp:attachment":[{"href":"https:\/\/www.ccta.ufpb.br\/dac\/wp-json\/wp\/v2\/media?parent=586"}],"wp:term":[{"taxonomy":"category","embeddable":true,"href":"https:\/\/www.ccta.ufpb.br\/dac\/wp-json\/wp\/v2\/categories?post=586"},{"taxonomy":"post_tag","embeddable":true,"href":"https:\/\/www.ccta.ufpb.br\/dac\/wp-json\/wp\/v2\/tags?post=586"}],"curies":[{"name":"wp","href":"https:\/\/api.w.org\/{rel}","templated":true}]}}