{"id":617,"date":"2026-07-01T18:45:20","date_gmt":"2026-07-01T21:45:20","guid":{"rendered":"https:\/\/www.ccta.ufpb.br\/dac\/?p=617"},"modified":"2026-07-01T18:46:12","modified_gmt":"2026-07-01T21:46:12","slug":"nova-edicao-da-moringa-aborda-corpo-e-criacao","status":"publish","type":"post","link":"https:\/\/www.ccta.ufpb.br\/dac\/revista-moringa\/nova-edicao-da-moringa-aborda-corpo-e-criacao\/","title":{"rendered":"Nova edi\u00e7\u00e3o da Moringa aborda corpo e cria\u00e7\u00e3o"},"content":{"rendered":"\n<p class=\"wp-block-paragraph\">J\u00e1 est\u00e1 dispon\u00edvel a nova edi\u00e7\u00e3o da <strong>Revista Moringa \u2013 Artes do Espet\u00e1culo<\/strong>, <strong>v. 17, n. 1 (2026)<\/strong>, com o dossi\u00ea <strong>&#8220;CORPO E(M) ATO&#8221;<\/strong>.<\/p>\n\n\n\n<p class=\"wp-block-paragraph\">A <a href=\"https:\/\/share.google\/WHFpSPTY7zzYwZxzn\">recente edi\u00e7\u00e3o<\/a> re\u00fane artigos, ensaios e relatos que refletem sobre diferentes experi\u00eancias envolvendo o corpo em contextos sociais, pedag\u00f3gicos e criativos. Os textos abordam pr\u00e1ticas, processos e pesquisas que destacam o papel do corpo como elemento central na produ\u00e7\u00e3o art\u00edstica, na educa\u00e7\u00e3o e nas rela\u00e7\u00f5es com a sociedade.<\/p>\n\n\n\n<p class=\"wp-block-paragraph\">Ao reunir perspectivas diversas, a publica\u00e7\u00e3o amplia o debate sobre as artes da cena e fortalece o di\u00e1logo entre pesquisadores, artistas, docentes e estudantes.<\/p>\n\n\n\n<p class=\"wp-block-paragraph\">A <strong><a href=\"https:\/\/www.ccta.ufpb.br\/dac\/revista-moringa\/\">Revista Moringa<\/a><\/strong> \u00e9 uma publica\u00e7\u00e3o semestral do <strong>Departamento de Artes C\u00eanicas <\/strong>e do <strong>Programa de Mestrado Profissional em Artes<\/strong> (ProfArtes) da Universidade Federal da Para\u00edba. O peri\u00f3dico promove o interc\u00e2mbio de pesquisas e reflex\u00f5es no campo das artes do espet\u00e1culo e suas interfaces com outras \u00e1reas do conhecimento.<\/p>\n\n\n\n<figure class=\"wp-block-image size-large\"><img loading=\"lazy\" decoding=\"async\" width=\"1024\" height=\"297\" src=\"http:\/\/www.ccta.ufpb.br\/dac\/wp-content\/uploads\/sites\/102\/sites\/289\/2025\/04\/dac8-1-1024x297.jpeg\" alt=\"\" class=\"wp-image-23\" srcset=\"https:\/\/www.ccta.ufpb.br\/dac\/wp-content\/uploads\/sites\/102\/sites\/289\/2025\/04\/dac8-1-1024x297.jpeg 1024w, https:\/\/www.ccta.ufpb.br\/dac\/wp-content\/uploads\/sites\/102\/sites\/289\/2025\/04\/dac8-1-300x87.jpeg 300w, https:\/\/www.ccta.ufpb.br\/dac\/wp-content\/uploads\/sites\/102\/sites\/289\/2025\/04\/dac8-1-768x223.jpeg 768w, https:\/\/www.ccta.ufpb.br\/dac\/wp-content\/uploads\/sites\/102\/sites\/289\/2025\/04\/dac8-1-1536x445.jpeg 1536w, https:\/\/www.ccta.ufpb.br\/dac\/wp-content\/uploads\/sites\/102\/sites\/289\/2025\/04\/dac8-1.jpeg 1600w\" sizes=\"auto, (max-width: 1024px) 100vw, 1024px\" \/><\/figure>\n","protected":false},"excerpt":{"rendered":"<p>J\u00e1 est\u00e1 dispon\u00edvel a nova edi\u00e7\u00e3o da Revista Moringa \u2013 Artes do Espet\u00e1culo, v. 17, [&hellip;]<\/p>\n","protected":false},"author":122,"featured_media":5,"comment_status":"closed","ping_status":"","sticky":false,"template":"","format":"standard","meta":{"footnotes":""},"categories":[9],"tags":[],"class_list":["post-617","post","type-post","status-publish","format-standard","has-post-thumbnail","hentry","category-revista-moringa"],"_links":{"self":[{"href":"https:\/\/www.ccta.ufpb.br\/dac\/wp-json\/wp\/v2\/posts\/617","targetHints":{"allow":["GET"]}}],"collection":[{"href":"https:\/\/www.ccta.ufpb.br\/dac\/wp-json\/wp\/v2\/posts"}],"about":[{"href":"https:\/\/www.ccta.ufpb.br\/dac\/wp-json\/wp\/v2\/types\/post"}],"author":[{"embeddable":true,"href":"https:\/\/www.ccta.ufpb.br\/dac\/wp-json\/wp\/v2\/users\/122"}],"replies":[{"embeddable":true,"href":"https:\/\/www.ccta.ufpb.br\/dac\/wp-json\/wp\/v2\/comments?post=617"}],"version-history":[{"count":2,"href":"https:\/\/www.ccta.ufpb.br\/dac\/wp-json\/wp\/v2\/posts\/617\/revisions"}],"predecessor-version":[{"id":619,"href":"https:\/\/www.ccta.ufpb.br\/dac\/wp-json\/wp\/v2\/posts\/617\/revisions\/619"}],"wp:featuredmedia":[{"embeddable":true,"href":"https:\/\/www.ccta.ufpb.br\/dac\/wp-json\/wp\/v2\/media\/5"}],"wp:attachment":[{"href":"https:\/\/www.ccta.ufpb.br\/dac\/wp-json\/wp\/v2\/media?parent=617"}],"wp:term":[{"taxonomy":"category","embeddable":true,"href":"https:\/\/www.ccta.ufpb.br\/dac\/wp-json\/wp\/v2\/categories?post=617"},{"taxonomy":"post_tag","embeddable":true,"href":"https:\/\/www.ccta.ufpb.br\/dac\/wp-json\/wp\/v2\/tags?post=617"}],"curies":[{"name":"wp","href":"https:\/\/api.w.org\/{rel}","templated":true}]}}