{"id":621,"date":"2026-07-06T15:19:09","date_gmt":"2026-07-06T18:19:09","guid":{"rendered":"https:\/\/www.ccta.ufpb.br\/dac\/?p=621"},"modified":"2026-07-06T15:53:39","modified_gmt":"2026-07-06T18:53:39","slug":"croma-projeto-coreografico-2026-1","status":"publish","type":"post","link":"https:\/\/www.ccta.ufpb.br\/dac\/evento-do-dac\/croma-projeto-coreografico-2026-1\/","title":{"rendered":"Croma &#8211; Projeto Coreogr\u00e1fico 2026.1"},"content":{"rendered":"\n<p class=\"wp-block-paragraph\"><strong>Croma<\/strong> \u00e9 uma produ\u00e7\u00e3o do <strong>Projeto Coreogr\u00e1fico 2026.1<\/strong> do Curso de <strong>Licenciatura em Dan\u00e7a<\/strong> da Universidade Federal da Para\u00edba. O espet\u00e1culo mergulha nas cores para al\u00e9m de um simples reflexo visual, buscando explorar experi\u00eancias mais profundas. <strong>Croma<\/strong> investiga o que as cores despertam em sentido de corpo, movimento, mem\u00f3ria e identidade.<\/p>\n\n\n\n<figure class=\"wp-block-image size-large\"><img loading=\"lazy\" decoding=\"async\" width=\"1024\" height=\"536\" src=\"https:\/\/www.ccta.ufpb.br\/dac\/wp-content\/uploads\/sites\/102\/sites\/289\/2026\/07\/Croma-1024x536.jpg\" alt=\"\" class=\"wp-image-625\" srcset=\"https:\/\/www.ccta.ufpb.br\/dac\/wp-content\/uploads\/sites\/102\/sites\/289\/2026\/07\/Croma-1024x536.jpg 1024w, https:\/\/www.ccta.ufpb.br\/dac\/wp-content\/uploads\/sites\/102\/sites\/289\/2026\/07\/Croma-300x157.jpg 300w, https:\/\/www.ccta.ufpb.br\/dac\/wp-content\/uploads\/sites\/102\/sites\/289\/2026\/07\/Croma-768x402.jpg 768w, https:\/\/www.ccta.ufpb.br\/dac\/wp-content\/uploads\/sites\/102\/sites\/289\/2026\/07\/Croma.jpg 1400w\" sizes=\"auto, (max-width: 1024px) 100vw, 1024px\" \/><\/figure>\n\n\n\n<p class=\"wp-block-paragraph\">As apresenta\u00e7\u00f5es acontecer\u00e3o nos dias 24 e 25 de julho \u00e0s 19h e no dia 26 de julho \u00e0s 18h no Teatro Lima Penante. A entrada \u00e9 gratuita e os ingressos podem ser retirados atrav\u00e9s do seguinte <em>link<\/em>:<\/p>\n\n\n\n<p class=\"has-text-align-center wp-block-paragraph\"><a href=\"https:\/\/www.sympla.com.br\/evento\/croma\/3489181\">https:\/\/www.sympla.com.br\/evento\/croma\/3489181<\/a><\/p>\n\n\n\n<p class=\"wp-block-paragraph\">Nos dias 23 e 24 de julho \u00e0s 15h acontecer\u00e3o sess\u00f5es especiais para escolas de Educa\u00e7\u00e3o B\u00e1sica de Jo\u00e3o Pessoa e no dia 29 de julho, \u00e0s 15h, uma sess\u00e3o na Escola Municipal Fenelon Camara, no Geisel.<\/p>\n\n\n<div class=\"wp-block-image\">\n<figure class=\"aligncenter size-large\"><img loading=\"lazy\" decoding=\"async\" width=\"576\" height=\"1024\" src=\"https:\/\/www.ccta.ufpb.br\/dac\/wp-content\/uploads\/sites\/102\/sites\/289\/2026\/07\/TEATRO-LIMA-PENANTE-PARA-INSTAGRAM-CROMA-VERTICAL-REELS-E-STORY-576x1024.png\" alt=\"\" class=\"wp-image-627\" srcset=\"https:\/\/www.ccta.ufpb.br\/dac\/wp-content\/uploads\/sites\/102\/sites\/289\/2026\/07\/TEATRO-LIMA-PENANTE-PARA-INSTAGRAM-CROMA-VERTICAL-REELS-E-STORY-576x1024.png 576w, https:\/\/www.ccta.ufpb.br\/dac\/wp-content\/uploads\/sites\/102\/sites\/289\/2026\/07\/TEATRO-LIMA-PENANTE-PARA-INSTAGRAM-CROMA-VERTICAL-REELS-E-STORY-169x300.png 169w, https:\/\/www.ccta.ufpb.br\/dac\/wp-content\/uploads\/sites\/102\/sites\/289\/2026\/07\/TEATRO-LIMA-PENANTE-PARA-INSTAGRAM-CROMA-VERTICAL-REELS-E-STORY-768x1365.png 768w, https:\/\/www.ccta.ufpb.br\/dac\/wp-content\/uploads\/sites\/102\/sites\/289\/2026\/07\/TEATRO-LIMA-PENANTE-PARA-INSTAGRAM-CROMA-VERTICAL-REELS-E-STORY-864x1536.png 864w, https:\/\/www.ccta.ufpb.br\/dac\/wp-content\/uploads\/sites\/102\/sites\/289\/2026\/07\/TEATRO-LIMA-PENANTE-PARA-INSTAGRAM-CROMA-VERTICAL-REELS-E-STORY.png 1080w\" sizes=\"auto, (max-width: 576px) 100vw, 576px\" \/><\/figure>\n<\/div>\n\n<div class=\"wp-block-image\">\n<figure class=\"aligncenter size-large\"><img loading=\"lazy\" decoding=\"async\" width=\"1024\" height=\"297\" src=\"http:\/\/www.ccta.ufpb.br\/dac\/wp-content\/uploads\/sites\/102\/sites\/289\/2025\/04\/dac8-1-1024x297.jpeg\" alt=\"\" class=\"wp-image-23\" srcset=\"https:\/\/www.ccta.ufpb.br\/dac\/wp-content\/uploads\/sites\/102\/sites\/289\/2025\/04\/dac8-1-1024x297.jpeg 1024w, https:\/\/www.ccta.ufpb.br\/dac\/wp-content\/uploads\/sites\/102\/sites\/289\/2025\/04\/dac8-1-300x87.jpeg 300w, https:\/\/www.ccta.ufpb.br\/dac\/wp-content\/uploads\/sites\/102\/sites\/289\/2025\/04\/dac8-1-768x223.jpeg 768w, https:\/\/www.ccta.ufpb.br\/dac\/wp-content\/uploads\/sites\/102\/sites\/289\/2025\/04\/dac8-1-1536x445.jpeg 1536w, https:\/\/www.ccta.ufpb.br\/dac\/wp-content\/uploads\/sites\/102\/sites\/289\/2025\/04\/dac8-1.jpeg 1600w\" sizes=\"auto, (max-width: 1024px) 100vw, 1024px\" \/><\/figure>\n<\/div>","protected":false},"excerpt":{"rendered":"<p>Croma \u00e9 uma produ\u00e7\u00e3o do Projeto Coreogr\u00e1fico 2026.1 do Curso de Licenciatura em Dan\u00e7a da [&hellip;]<\/p>\n","protected":false},"author":122,"featured_media":625,"comment_status":"closed","ping_status":"","sticky":false,"template":"","format":"standard","meta":{"footnotes":""},"categories":[3],"tags":[],"class_list":["post-621","post","type-post","status-publish","format-standard","has-post-thumbnail","hentry","category-evento-do-dac"],"_links":{"self":[{"href":"https:\/\/www.ccta.ufpb.br\/dac\/wp-json\/wp\/v2\/posts\/621","targetHints":{"allow":["GET"]}}],"collection":[{"href":"https:\/\/www.ccta.ufpb.br\/dac\/wp-json\/wp\/v2\/posts"}],"about":[{"href":"https:\/\/www.ccta.ufpb.br\/dac\/wp-json\/wp\/v2\/types\/post"}],"author":[{"embeddable":true,"href":"https:\/\/www.ccta.ufpb.br\/dac\/wp-json\/wp\/v2\/users\/122"}],"replies":[{"embeddable":true,"href":"https:\/\/www.ccta.ufpb.br\/dac\/wp-json\/wp\/v2\/comments?post=621"}],"version-history":[{"count":5,"href":"https:\/\/www.ccta.ufpb.br\/dac\/wp-json\/wp\/v2\/posts\/621\/revisions"}],"predecessor-version":[{"id":628,"href":"https:\/\/www.ccta.ufpb.br\/dac\/wp-json\/wp\/v2\/posts\/621\/revisions\/628"}],"wp:featuredmedia":[{"embeddable":true,"href":"https:\/\/www.ccta.ufpb.br\/dac\/wp-json\/wp\/v2\/media\/625"}],"wp:attachment":[{"href":"https:\/\/www.ccta.ufpb.br\/dac\/wp-json\/wp\/v2\/media?parent=621"}],"wp:term":[{"taxonomy":"category","embeddable":true,"href":"https:\/\/www.ccta.ufpb.br\/dac\/wp-json\/wp\/v2\/categories?post=621"},{"taxonomy":"post_tag","embeddable":true,"href":"https:\/\/www.ccta.ufpb.br\/dac\/wp-json\/wp\/v2\/tags?post=621"}],"curies":[{"name":"wp","href":"https:\/\/api.w.org\/{rel}","templated":true}]}}