{"id":629,"date":"2026-07-14T12:42:39","date_gmt":"2026-07-14T15:42:39","guid":{"rendered":"https:\/\/www.ccta.ufpb.br\/dac\/?p=629"},"modified":"2026-07-15T12:37:52","modified_gmt":"2026-07-15T15:37:52","slug":"10-anos-de-radar-1-sintonizando-presencas","status":"publish","type":"post","link":"https:\/\/www.ccta.ufpb.br\/dac\/evento-do-dac\/10-anos-de-radar-1-sintonizando-presencas\/","title":{"rendered":"10 anos de Radar 1: sintonizando presen\u00e7as"},"content":{"rendered":"\n<p class=\"wp-block-paragraph\">Evento celebrativo dos 10 anos de atividades do grupo de pesquisa Radar1: grupo de improvisa\u00e7\u00e3o em dan\u00e7a -coordenado pela artista, docente e pesquisadora <strong>L\u00edria Morays<\/strong>&#8211;&nbsp;que consiste na &nbsp;reuni\u00e3o de docentes, artistas, pesquisadores, discentes e egressos dos cursos de <strong>Licenciatura em Dan\u00e7a<\/strong> e <strong>Bacharelado em Teatro<\/strong> <strong>da UFPB<\/strong>, assim como docentes de outras institui\u00e7\u00f5es que atuaram ou continuam atuando como colaboradores, que ao longo desses anos tiveram parte de sua trajet\u00f3ria marcada pela participa\u00e7\u00e3o no grupo. <\/p>\n\n\n\n<p class=\"wp-block-paragraph\">O intuito desse reencontro permeado de atividades pr\u00e1tico-te\u00f3ricas \u00e9 colocar em di\u00e1logo esses participantes, promover o compartilhamento e atualiza\u00e7\u00e3o das pesquisas e, ativar modos de experimenta\u00e7\u00e3o a partir do fazer improvisacional na rela\u00e7\u00e3o com lugares do Centro da cidade de Jo\u00e3o Pessoa e na Praia de Tabatinga \u2013 litoral sul da Para\u00edba.<\/p>\n\n\n\n<p class=\"wp-block-paragraph\">O evento est\u00e1 organizado em rodas de conversas, compartilhamento de pesquisa, pr\u00e1ticas de improvisa\u00e7\u00e3o, relatos de experi\u00eancias, exposi\u00e7\u00e3o, aprecia\u00e7\u00e3o de v\u00eddeos e estudos compositivos.<\/p>\n\n\n\n<p class=\"wp-block-paragraph\">Datas: 23, 24 e 25 de julho de 2026 &#8211;<em> INSTAGRAM<\/em>: <a href=\"https:\/\/www.instagram.com\/radar.um\/\">@radar_um<\/a><\/p>\n\n\n\n<h2 class=\"wp-block-heading\"><div class=\"linha-header\">Detalhamento:<\/div><\/h2>\n\n\n\n<p class=\"wp-block-paragraph\">Nosso evento ser\u00e1 realizado de forma itinerante e a programa\u00e7\u00e3o ser\u00e1:<\/p>\n\n\n\n<h2 class=\"wp-block-heading\"><div class=\"linha-header\"><strong>23\/07 (quinta-feira)<\/strong><\/div><\/h2>\n\n\n\n<p class=\"wp-block-paragraph\">Local: Laborateli\u00ea &#8211; CCTA &#8211; UFPB &#8211;&nbsp;<a href=\"https:\/\/share.google\/YYBiB190ROp34D5Bk\" target=\"_blank\" rel=\"noreferrer noopener\">https:\/\/share.google\/YYBiB190ROp34D5Bk<\/a>&nbsp;<\/p>\n\n\n\n<p class=\"wp-block-paragraph\">Hor\u00e1rios: 09h &#8211; 12h e 14h &#8211; 17h<\/p>\n\n\n\n<p class=\"wp-block-paragraph\">&#8211; Exposi\u00e7\u00e3o de fotos, v\u00eddeos e materiais do Radar<\/p>\n\n\n\n<p class=\"wp-block-paragraph\">&#8211; Partilha de pesquisas em andamento e relatos de experi\u00eancia com o Radar 1 \u2013 membros atuais e antigos. Proposta: Cada participante ir\u00e1 apresentar* sua comunica\u00e7\u00e3o oral ou relato de experi\u00eancia com tempo m\u00e1ximo de 10 minutos. Ao final de cada turno, propomos uma roda de conversa para coment\u00e1rios dos participantes sobre as apresenta\u00e7\u00f5es, com dura\u00e7\u00e3o geral entre 20-30 minutos. <\/p>\n\n\n\n<p class=\"wp-block-paragraph\">*Caso precise de equipamentos espec\u00edficos para sua apresenta\u00e7\u00e3o, favor especificar no <a href=\"https:\/\/www.instagram.com\/radar.um\/\">item 11<\/a>.<\/p>\n\n\n\n<h2 class=\"wp-block-heading\"><div class=\"linha-header\"><strong>24\/07 (sexta-feira)<\/strong><\/div><\/h2>\n\n\n\n<p class=\"wp-block-paragraph\">Local: Casar\u00e3o Criativo e ruas do centro hist\u00f3rico &#8211;&nbsp; Rua Maciel Pinheiro, n\u00ba 56, Varadouro&nbsp;<a href=\"https:\/\/share.google\/3rm6FRbGx4HK7xJ6L\" target=\"_blank\" rel=\"noreferrer noopener\">https:\/\/share.google\/3rm6FRbGx4HK7xJ6L<\/a><\/p>\n\n\n\n<p class=\"wp-block-paragraph\">Hor\u00e1rios: 09h &#8211; 12h e 15h-20h \/ 20h +<\/p>\n\n\n\n<p class=\"wp-block-paragraph\">&#8211; Fogo Cruzado: Experimentos pr\u00e1ticos realizados em conjunto com os propositores misturando elementos da pesquisa de cada um. Proposta: se pensarmos o elemento fogo como uma fogueira, aquilo que aproxima as pessoas ao redor, mas que tamb\u00e9m tem dire\u00e7\u00f5es que se cruzam entre as chamas, \u00e9 interessante avivar este estado de vivacidade, de improviso, em que as ideias e a chama de um grupo est\u00e1 sempre acesa, de modo continuado em conectividade, sem deixar que o entusiasmo esmore\u00e7a&#8230; e ao mesmo tempo, ouvindo as pausas e os sil\u00eancios poss\u00edveis. Imaginemos que essa imagem seja formada por pessoas que est\u00e3o propondo uma viv\u00eancia em conjunto, todos s\u00e3o l\u00edderes ao mesmo tempo, cada um tem uma perspectiva pulsante e as ideias e experimentos v\u00e3o sendo propostos no tempo presente. Uma rede de ideias que se manifestam tendo suas palavras-chave, objetos-chave, desejos-chave expostos ao grupo cada um a seu momento se manifestando no ato do encontro.<\/p>\n\n\n\n<p class=\"wp-block-paragraph\">&#8211; <em>Show <\/em>da banda Bondocongo, com participa\u00e7\u00e3o do Radar 1, a partir das 20h, no Caravela Cultural.<\/p>\n\n\n\n<h2 class=\"wp-block-heading\"><div class=\"linha-header\"><strong>25\/07 (s\u00e1bado):<\/strong><\/div><\/h2>\n\n\n\n<p class=\"wp-block-paragraph\">Hor\u00e1rio: 10h &#8211; Sa\u00edda do transporte do CCTA &#8211; UFPB<\/p>\n\n\n\n<p class=\"wp-block-paragraph\">Local: Mirante de Tabatinga &#8211; R. Lagoa Preta, Conde &#8211; PB&nbsp;<a href=\"https:\/\/share.google\/3rm6FRbGx4HK7xJ6L\" target=\"_blank\" rel=\"noreferrer noopener\">https:\/\/share.google\/3rm6FRbGx4HK7xJ6L<\/a><\/p>\n\n\n\n<p class=\"wp-block-paragraph\">&#8211; Culmin\u00e2ncia na Praia de Tabatinga<\/p>\n\n\n\n<p class=\"wp-block-paragraph\"><\/p>\n\n\n\n<h2 class=\"wp-block-heading\"><div class=\"linha-header\">Inscri\u00e7\u00f5es abertas at\u00e9 o dia 17\/07, via SigEventos UFPB:<br><a href=\"https:\/\/sigeventos.ufpb.br\/eventos\/login.xhtml\" target=\"_blank\" rel=\"noreferrer noopener\">https:\/\/sigeventos.ufpb.br\/eventos\/login.xhtml<\/a><\/div><\/h2>\n\n\n\n<p class=\"wp-block-paragraph\">Acompanhe as pr\u00f3ximas informa\u00e7\u00f5es no perfil do Instagram do Grupo de Pesquisa RADAR 1 (<a href=\"https:\/\/www.instagram.com\/radar.um\/\">@radar.um<\/a>):<br><a href=\"https:\/\/www.instagram.com\/radar.um\/\" target=\"_blank\" rel=\"noreferrer noopener\">https:\/\/www.instagram.com\/radar.um\/<\/a><\/p>\n\n\n<div class=\"wp-block-image\">\n<figure class=\"aligncenter size-large\"><img loading=\"lazy\" decoding=\"async\" width=\"1024\" height=\"1024\" src=\"https:\/\/www.ccta.ufpb.br\/dac\/wp-content\/uploads\/sites\/102\/sites\/289\/2026\/07\/card-de-divulgacao-da-programacao-1024x1024.jpeg\" alt=\"\" class=\"wp-image-631\" srcset=\"https:\/\/www.ccta.ufpb.br\/dac\/wp-content\/uploads\/sites\/102\/sites\/289\/2026\/07\/card-de-divulgacao-da-programacao-1024x1024.jpeg 1024w, https:\/\/www.ccta.ufpb.br\/dac\/wp-content\/uploads\/sites\/102\/sites\/289\/2026\/07\/card-de-divulgacao-da-programacao-300x300.jpeg 300w, https:\/\/www.ccta.ufpb.br\/dac\/wp-content\/uploads\/sites\/102\/sites\/289\/2026\/07\/card-de-divulgacao-da-programacao-150x150.jpeg 150w, https:\/\/www.ccta.ufpb.br\/dac\/wp-content\/uploads\/sites\/102\/sites\/289\/2026\/07\/card-de-divulgacao-da-programacao-768x768.jpeg 768w, https:\/\/www.ccta.ufpb.br\/dac\/wp-content\/uploads\/sites\/102\/sites\/289\/2026\/07\/card-de-divulgacao-da-programacao-1536x1536.jpeg 1536w, https:\/\/www.ccta.ufpb.br\/dac\/wp-content\/uploads\/sites\/102\/sites\/289\/2026\/07\/card-de-divulgacao-da-programacao.jpeg 1600w\" sizes=\"auto, (max-width: 1024px) 100vw, 1024px\" \/><\/figure>\n<\/div>","protected":false},"excerpt":{"rendered":"<p>Evento celebrativo dos 10 anos de atividades do grupo de pesquisa Radar1: grupo de improvisa\u00e7\u00e3o [&hellip;]<\/p>\n","protected":false},"author":122,"featured_media":631,"comment_status":"closed","ping_status":"","sticky":false,"template":"","format":"standard","meta":{"footnotes":""},"categories":[3],"tags":[],"class_list":["post-629","post","type-post","status-publish","format-standard","has-post-thumbnail","hentry","category-evento-do-dac"],"_links":{"self":[{"href":"https:\/\/www.ccta.ufpb.br\/dac\/wp-json\/wp\/v2\/posts\/629","targetHints":{"allow":["GET"]}}],"collection":[{"href":"https:\/\/www.ccta.ufpb.br\/dac\/wp-json\/wp\/v2\/posts"}],"about":[{"href":"https:\/\/www.ccta.ufpb.br\/dac\/wp-json\/wp\/v2\/types\/post"}],"author":[{"embeddable":true,"href":"https:\/\/www.ccta.ufpb.br\/dac\/wp-json\/wp\/v2\/users\/122"}],"replies":[{"embeddable":true,"href":"https:\/\/www.ccta.ufpb.br\/dac\/wp-json\/wp\/v2\/comments?post=629"}],"version-history":[{"count":11,"href":"https:\/\/www.ccta.ufpb.br\/dac\/wp-json\/wp\/v2\/posts\/629\/revisions"}],"predecessor-version":[{"id":655,"href":"https:\/\/www.ccta.ufpb.br\/dac\/wp-json\/wp\/v2\/posts\/629\/revisions\/655"}],"wp:featuredmedia":[{"embeddable":true,"href":"https:\/\/www.ccta.ufpb.br\/dac\/wp-json\/wp\/v2\/media\/631"}],"wp:attachment":[{"href":"https:\/\/www.ccta.ufpb.br\/dac\/wp-json\/wp\/v2\/media?parent=629"}],"wp:term":[{"taxonomy":"category","embeddable":true,"href":"https:\/\/www.ccta.ufpb.br\/dac\/wp-json\/wp\/v2\/categories?post=629"},{"taxonomy":"post_tag","embeddable":true,"href":"https:\/\/www.ccta.ufpb.br\/dac\/wp-json\/wp\/v2\/tags?post=629"}],"curies":[{"name":"wp","href":"https:\/\/api.w.org\/{rel}","templated":true}]}}