{"id":660,"date":"2026-07-20T08:43:53","date_gmt":"2026-07-20T11:43:53","guid":{"rendered":"https:\/\/www.ccta.ufpb.br\/dac\/?p=660"},"modified":"2026-07-20T09:42:16","modified_gmt":"2026-07-20T12:42:16","slug":"mobilizacao-coletiva-contra-cortes-na-ufpb","status":"publish","type":"post","link":"https:\/\/www.ccta.ufpb.br\/dac\/uncategorized\/mobilizacao-coletiva-contra-cortes-na-ufpb\/","title":{"rendered":"Mobiliza\u00e7\u00e3o coletiva contra cortes na UFPB"},"content":{"rendered":"\n<p class=\"wp-block-paragraph\">Discentes, docentes e t\u00e9cnicos(as)-administrativos(as) da Universidade Federal da Para\u00edba (UFPB) organizaram o comit\u00ea <strong>&#8220;A UFPB Vale a Luta! #movimentocontracortes&#8221;<\/strong>. A iniciativa re\u00fane diferentes segmentos da comunidade acad\u00eamica para discutir os impactos dos cortes de recursos e fortalecer a\u00e7\u00f5es em defesa da universidade p\u00fablica.<\/p>\n\n\n\n<p class=\"wp-block-paragraph\">O grupo promove um encontro no <strong>dia 20 de julho de 2026<\/strong>, na <strong>Pra\u00e7a Marielle Franco<\/strong> &#8211; Centro de Educa\u00e7\u00e3o (CE\/UFPB), com o objetivo de ampliar o di\u00e1logo e mobilizar a comunidade universit\u00e1ria.<\/p>\n\n\n\n<p class=\"wp-block-paragraph\">Durante a mobiliza\u00e7\u00e3o, o comit\u00ea tamb\u00e9m pretende dar visibilidade ao conte\u00fado de <strong><a href=\"http:\/\/www.ccta.ufpb.br\/dac\/wp-content\/uploads\/sites\/102\/sites\/289\/2026\/07\/Cai.pdf\">dossi\u00ea sobre problemas da infraestrutura do Bloco C do Centro de Comunica\u00e7\u00e3o, Turismo e Artes<\/a> <\/strong>(CCTA\/UFPB). O documento re\u00fane registros e relatos sobre problemas que afetam as atividades de ensino, pesquisa e extens\u00e3o, como <strong>falhas na manuten\u00e7\u00e3o, deteriora\u00e7\u00e3o dos espa\u00e7os f\u00edsicos e condi\u00e7\u00f5es inadequadas para estudantes, docentes e t\u00e9cnicos(as)-administrativos(as)<\/strong>. A iniciativa busca demonstrar como a redu\u00e7\u00e3o de investimentos impacta o cotidiano da universidade e refor\u00e7ar a necessidade de medidas que garantam condi\u00e7\u00f5es dignas para o desenvolvimento das atividades acad\u00eamicas.<\/p>\n\n\n<div class=\"wp-block-image\">\n<figure class=\"aligncenter size-full\"><a href=\"http:\/\/www.ccta.ufpb.br\/dac\/wp-content\/uploads\/sites\/102\/sites\/289\/2026\/07\/Cai.pdf\"><img loading=\"lazy\" decoding=\"async\" width=\"346\" height=\"480\" src=\"https:\/\/www.ccta.ufpb.br\/dac\/wp-content\/uploads\/sites\/102\/sites\/289\/2026\/07\/CaiNaoAbacatao.png\" alt=\"\" class=\"wp-image-678\" srcset=\"https:\/\/www.ccta.ufpb.br\/dac\/wp-content\/uploads\/sites\/102\/sites\/289\/2026\/07\/CaiNaoAbacatao.png 346w, https:\/\/www.ccta.ufpb.br\/dac\/wp-content\/uploads\/sites\/102\/sites\/289\/2026\/07\/CaiNaoAbacatao-216x300.png 216w\" sizes=\"auto, (max-width: 346px) 100vw, 346px\" \/><\/a><\/figure>\n<\/div>\n\n\n<p class=\"wp-block-paragraph\"><\/p>\n\n\n\n<p class=\"wp-block-paragraph\">&#8220;<strong>A UFPB Vale a Luta! #movimentocontracortes<\/strong>&#8221; nasceu do compromisso de construir uma universidade cada vez melhor para discentes, docentes, t\u00e9cnicos(as) e toda a sociedade. A proposta \u00e9 criar um espa\u00e7o de escuta, debate e mobiliza\u00e7\u00e3o coletiva, contando com toda a comunidade da UFPB.<\/p>\n\n\n\n<blockquote class=\"wp-block-quote is-layout-flow wp-block-quote-is-layout-flow\">\n<p class=\"has-text-align-center wp-block-paragraph\">&#8220;<strong>Queremos ecoar a voz de quem luta por uma universidade p\u00fablica de qualidade. Acreditamos que a constru\u00e7\u00e3o coletiva fortalece nossa capacidade de enfrentar os desafios e defender a UFPB<\/strong>.&#8221;<\/p>\n<\/blockquote>\n\n\n\n<h2 class=\"wp-block-heading\"><div class=\"linha-header\">Convite \u00e0 comunidade universit\u00e1ria<\/div><\/h2>\n\n\n\n<p class=\"wp-block-paragraph\">O comit\u00ea convida a comunidade acad\u00eamica para participar da mobiliza\u00e7\u00e3o e contribuir para a constru\u00e7\u00e3o das pr\u00f3ximas a\u00e7\u00f5es.<\/p>\n\n\n\n<p class=\"wp-block-paragraph\"><strong>Data:<\/strong> 20 de julho de 2026 (18h)<br><strong>Local:<\/strong> Pra\u00e7a Marielle Franco &#8211; Centro de Educa\u00e7\u00e3o (CE\/UFPB)<\/p>\n\n\n\n<p class=\"has-text-align-center wp-block-paragraph\"><strong>A UFPB vale a luta: contra os cortes e em defesa da universidade p\u00fablica<\/strong>!<\/p>\n\n\n\n<p class=\"has-text-align-center wp-block-paragraph\"><a href=\"https:\/\/www.instagram.com\/cainaoabacatao\/\">@cainaoabacatao<\/a><\/p>\n\n\n<div class=\"wp-block-image\">\n<figure class=\"aligncenter size-large\"><img loading=\"lazy\" decoding=\"async\" width=\"768\" height=\"1024\" src=\"https:\/\/www.ccta.ufpb.br\/dac\/wp-content\/uploads\/sites\/102\/sites\/289\/2026\/07\/1-768x1024.jpeg\" alt=\"\" class=\"wp-image-662\" srcset=\"https:\/\/www.ccta.ufpb.br\/dac\/wp-content\/uploads\/sites\/102\/sites\/289\/2026\/07\/1-768x1024.jpeg 768w, https:\/\/www.ccta.ufpb.br\/dac\/wp-content\/uploads\/sites\/102\/sites\/289\/2026\/07\/1-225x300.jpeg 225w, https:\/\/www.ccta.ufpb.br\/dac\/wp-content\/uploads\/sites\/102\/sites\/289\/2026\/07\/1.jpeg 1080w\" sizes=\"auto, (max-width: 768px) 100vw, 768px\" \/><\/figure>\n<\/div>\n\n<div class=\"wp-block-image\">\n<figure class=\"aligncenter size-large\"><img loading=\"lazy\" decoding=\"async\" width=\"768\" height=\"1024\" src=\"https:\/\/www.ccta.ufpb.br\/dac\/wp-content\/uploads\/sites\/102\/sites\/289\/2026\/07\/2-768x1024.jpeg\" alt=\"\" class=\"wp-image-663\" srcset=\"https:\/\/www.ccta.ufpb.br\/dac\/wp-content\/uploads\/sites\/102\/sites\/289\/2026\/07\/2-768x1024.jpeg 768w, https:\/\/www.ccta.ufpb.br\/dac\/wp-content\/uploads\/sites\/102\/sites\/289\/2026\/07\/2-225x300.jpeg 225w, https:\/\/www.ccta.ufpb.br\/dac\/wp-content\/uploads\/sites\/102\/sites\/289\/2026\/07\/2.jpeg 1080w\" sizes=\"auto, (max-width: 768px) 100vw, 768px\" \/><\/figure>\n<\/div>\n\n\n<figure class=\"wp-block-image size-large\"><img loading=\"lazy\" decoding=\"async\" width=\"1080\" height=\"1440\" src=\"https:\/\/www.ccta.ufpb.br\/dac\/wp-content\/uploads\/sites\/102\/sites\/289\/2026\/07\/4-768x1024.jpeg\" alt=\"\" class=\"wp-image-665\" srcset=\"https:\/\/www.ccta.ufpb.br\/dac\/wp-content\/uploads\/sites\/102\/sites\/289\/2026\/07\/4-768x1024.jpeg 768w, https:\/\/www.ccta.ufpb.br\/dac\/wp-content\/uploads\/sites\/102\/sites\/289\/2026\/07\/4-225x300.jpeg 225w, https:\/\/www.ccta.ufpb.br\/dac\/wp-content\/uploads\/sites\/102\/sites\/289\/2026\/07\/4.jpeg 1080w\" sizes=\"auto, (max-width: 1080px) 100vw, 1080px\" \/><\/figure>\n\n\n\n<figure class=\"wp-block-image size-large\"><img loading=\"lazy\" decoding=\"async\" width=\"1024\" height=\"297\" src=\"http:\/\/www.ccta.ufpb.br\/dac\/wp-content\/uploads\/sites\/102\/sites\/289\/2025\/04\/dac8-1-1024x297.jpeg\" alt=\"\" class=\"wp-image-23\" srcset=\"https:\/\/www.ccta.ufpb.br\/dac\/wp-content\/uploads\/sites\/102\/sites\/289\/2025\/04\/dac8-1-1024x297.jpeg 1024w, https:\/\/www.ccta.ufpb.br\/dac\/wp-content\/uploads\/sites\/102\/sites\/289\/2025\/04\/dac8-1-300x87.jpeg 300w, https:\/\/www.ccta.ufpb.br\/dac\/wp-content\/uploads\/sites\/102\/sites\/289\/2025\/04\/dac8-1-768x223.jpeg 768w, https:\/\/www.ccta.ufpb.br\/dac\/wp-content\/uploads\/sites\/102\/sites\/289\/2025\/04\/dac8-1-1536x445.jpeg 1536w, https:\/\/www.ccta.ufpb.br\/dac\/wp-content\/uploads\/sites\/102\/sites\/289\/2025\/04\/dac8-1.jpeg 1600w\" sizes=\"auto, (max-width: 1024px) 100vw, 1024px\" \/><\/figure>\n\n\n","protected":false},"excerpt":{"rendered":"<p>Discentes, docentes e t\u00e9cnicos(as)-administrativos(as) da Universidade Federal da Para\u00edba (UFPB) organizaram o comit\u00ea &#8220;A UFPB [&hellip;]<\/p>\n","protected":false},"author":122,"featured_media":662,"comment_status":"closed","ping_status":"","sticky":false,"template":"","format":"standard","meta":{"footnotes":""},"categories":[1],"tags":[],"class_list":["post-660","post","type-post","status-publish","format-standard","has-post-thumbnail","hentry","category-uncategorized"],"_links":{"self":[{"href":"https:\/\/www.ccta.ufpb.br\/dac\/wp-json\/wp\/v2\/posts\/660","targetHints":{"allow":["GET"]}}],"collection":[{"href":"https:\/\/www.ccta.ufpb.br\/dac\/wp-json\/wp\/v2\/posts"}],"about":[{"href":"https:\/\/www.ccta.ufpb.br\/dac\/wp-json\/wp\/v2\/types\/post"}],"author":[{"embeddable":true,"href":"https:\/\/www.ccta.ufpb.br\/dac\/wp-json\/wp\/v2\/users\/122"}],"replies":[{"embeddable":true,"href":"https:\/\/www.ccta.ufpb.br\/dac\/wp-json\/wp\/v2\/comments?post=660"}],"version-history":[{"count":15,"href":"https:\/\/www.ccta.ufpb.br\/dac\/wp-json\/wp\/v2\/posts\/660\/revisions"}],"predecessor-version":[{"id":682,"href":"https:\/\/www.ccta.ufpb.br\/dac\/wp-json\/wp\/v2\/posts\/660\/revisions\/682"}],"wp:featuredmedia":[{"embeddable":true,"href":"https:\/\/www.ccta.ufpb.br\/dac\/wp-json\/wp\/v2\/media\/662"}],"wp:attachment":[{"href":"https:\/\/www.ccta.ufpb.br\/dac\/wp-json\/wp\/v2\/media?parent=660"}],"wp:term":[{"taxonomy":"category","embeddable":true,"href":"https:\/\/www.ccta.ufpb.br\/dac\/wp-json\/wp\/v2\/categories?post=660"},{"taxonomy":"post_tag","embeddable":true,"href":"https:\/\/www.ccta.ufpb.br\/dac\/wp-json\/wp\/v2\/tags?post=660"}],"curies":[{"name":"wp","href":"https:\/\/api.w.org\/{rel}","templated":true}]}}