{"id":683,"date":"2026-07-20T15:38:22","date_gmt":"2026-07-20T18:38:22","guid":{"rendered":"https:\/\/www.ccta.ufpb.br\/dac\/?p=683"},"modified":"2026-07-20T15:38:22","modified_gmt":"2026-07-20T18:38:22","slug":"teatro-lambe-lambe-e-roda-de-conversa-no-dac","status":"publish","type":"post","link":"https:\/\/www.ccta.ufpb.br\/dac\/evento-do-dac\/teatro-lambe-lambe-e-roda-de-conversa-no-dac\/","title":{"rendered":"Teatro Lambe-Lambe e roda de conversa no DAC"},"content":{"rendered":"\n<p class=\"wp-block-paragraph\">Nesta sexta-feira, 24 de julho de 2026, \u00e0s <strong>15h<\/strong>, o <strong>Departamento de Artes C\u00eanicas<\/strong> &#8211; DAC\/CCTA\/UFPB recebe <strong>As Caixeiras Cia de Bonecas<\/strong> para uma roda de conversa seguida de uma apresenta\u00e7\u00e3o de <strong>teatro Lambe-Lambe<\/strong>.<\/p>\n\n\n\n<p class=\"wp-block-paragraph\">O encontro ser\u00e1 realizado na <strong>Sala 15 do Abacat\u00e3o<\/strong> e \u00e9 <strong>gratuito<\/strong>. A atividade \u00e9 aberta ao p\u00fablico e convida estudantes, artistas e pessoas interessadas nas Artes C\u00eanicas a conhecerem mais sobre o trabalho da companhia e essa linguagem teatral.<\/p>\n\n\n\n<p class=\"wp-block-paragraph\"><strong>Servi\u00e7o<\/strong><\/p>\n\n\n\n<ul class=\"wp-block-list\">\n<li><strong>Data:<\/strong> 24 de julho de 2026<\/li>\n\n\n\n<li><strong>Hor\u00e1rio:<\/strong> 15h<\/li>\n\n\n\n<li><strong>Local:<\/strong> Sala 15 do Abacat\u00e3o (Bloco C do CCTA)<\/li>\n\n\n\n<li><strong>Entrada:<\/strong> gratuita<\/li>\n<\/ul>\n\n\n\n<p class=\"wp-block-paragraph\">Conhe\u00e7a detalhes nas imagens a seguir.<\/p>\n\n\n\n<figure class=\"wp-block-image size-large\"><img loading=\"lazy\" decoding=\"async\" width=\"819\" height=\"1024\" src=\"https:\/\/www.ccta.ufpb.br\/dac\/wp-content\/uploads\/sites\/102\/sites\/289\/2026\/07\/IMG-20260720-WA0050-819x1024.jpg\" alt=\"\" class=\"wp-image-684\" srcset=\"https:\/\/www.ccta.ufpb.br\/dac\/wp-content\/uploads\/sites\/102\/sites\/289\/2026\/07\/IMG-20260720-WA0050-819x1024.jpg 819w, https:\/\/www.ccta.ufpb.br\/dac\/wp-content\/uploads\/sites\/102\/sites\/289\/2026\/07\/IMG-20260720-WA0050-240x300.jpg 240w, https:\/\/www.ccta.ufpb.br\/dac\/wp-content\/uploads\/sites\/102\/sites\/289\/2026\/07\/IMG-20260720-WA0050-768x960.jpg 768w, https:\/\/www.ccta.ufpb.br\/dac\/wp-content\/uploads\/sites\/102\/sites\/289\/2026\/07\/IMG-20260720-WA0050.jpg 1080w\" sizes=\"auto, (max-width: 819px) 100vw, 819px\" \/><\/figure>\n\n\n<div class=\"wp-block-image\">\n<figure class=\"aligncenter size-large\"><img loading=\"lazy\" decoding=\"async\" width=\"819\" height=\"1024\" src=\"https:\/\/www.ccta.ufpb.br\/dac\/wp-content\/uploads\/sites\/102\/sites\/289\/2026\/07\/IMG-20260720-WA0051-819x1024.jpg\" alt=\"\" class=\"wp-image-685\" srcset=\"https:\/\/www.ccta.ufpb.br\/dac\/wp-content\/uploads\/sites\/102\/sites\/289\/2026\/07\/IMG-20260720-WA0051-819x1024.jpg 819w, https:\/\/www.ccta.ufpb.br\/dac\/wp-content\/uploads\/sites\/102\/sites\/289\/2026\/07\/IMG-20260720-WA0051-240x300.jpg 240w, https:\/\/www.ccta.ufpb.br\/dac\/wp-content\/uploads\/sites\/102\/sites\/289\/2026\/07\/IMG-20260720-WA0051-768x960.jpg 768w, https:\/\/www.ccta.ufpb.br\/dac\/wp-content\/uploads\/sites\/102\/sites\/289\/2026\/07\/IMG-20260720-WA0051.jpg 1080w\" sizes=\"auto, (max-width: 819px) 100vw, 819px\" \/><\/figure>\n<\/div>\n\n<div class=\"wp-block-image\">\n<figure class=\"aligncenter size-large\"><img loading=\"lazy\" decoding=\"async\" width=\"819\" height=\"1024\" src=\"https:\/\/www.ccta.ufpb.br\/dac\/wp-content\/uploads\/sites\/102\/sites\/289\/2026\/07\/IMG-20260720-WA0052-819x1024.jpg\" alt=\"\" class=\"wp-image-686\" srcset=\"https:\/\/www.ccta.ufpb.br\/dac\/wp-content\/uploads\/sites\/102\/sites\/289\/2026\/07\/IMG-20260720-WA0052-819x1024.jpg 819w, https:\/\/www.ccta.ufpb.br\/dac\/wp-content\/uploads\/sites\/102\/sites\/289\/2026\/07\/IMG-20260720-WA0052-240x300.jpg 240w, https:\/\/www.ccta.ufpb.br\/dac\/wp-content\/uploads\/sites\/102\/sites\/289\/2026\/07\/IMG-20260720-WA0052-768x960.jpg 768w, https:\/\/www.ccta.ufpb.br\/dac\/wp-content\/uploads\/sites\/102\/sites\/289\/2026\/07\/IMG-20260720-WA0052.jpg 1080w\" sizes=\"auto, (max-width: 819px) 100vw, 819px\" \/><\/figure>\n<\/div>\n\n<div class=\"wp-block-image\">\n<figure class=\"aligncenter size-large\"><img loading=\"lazy\" decoding=\"async\" width=\"1024\" height=\"297\" src=\"http:\/\/www.ccta.ufpb.br\/dac\/wp-content\/uploads\/sites\/102\/sites\/289\/2025\/04\/dac8-1-1024x297.jpeg\" alt=\"\" class=\"wp-image-23\" srcset=\"https:\/\/www.ccta.ufpb.br\/dac\/wp-content\/uploads\/sites\/102\/sites\/289\/2025\/04\/dac8-1-1024x297.jpeg 1024w, https:\/\/www.ccta.ufpb.br\/dac\/wp-content\/uploads\/sites\/102\/sites\/289\/2025\/04\/dac8-1-300x87.jpeg 300w, https:\/\/www.ccta.ufpb.br\/dac\/wp-content\/uploads\/sites\/102\/sites\/289\/2025\/04\/dac8-1-768x223.jpeg 768w, https:\/\/www.ccta.ufpb.br\/dac\/wp-content\/uploads\/sites\/102\/sites\/289\/2025\/04\/dac8-1-1536x445.jpeg 1536w, https:\/\/www.ccta.ufpb.br\/dac\/wp-content\/uploads\/sites\/102\/sites\/289\/2025\/04\/dac8-1.jpeg 1600w\" sizes=\"auto, (max-width: 1024px) 100vw, 1024px\" \/><\/figure>\n<\/div>","protected":false},"excerpt":{"rendered":"<p>Nesta sexta-feira, 24 de julho de 2026, \u00e0s 15h, o Departamento de Artes C\u00eanicas &#8211; [&hellip;]<\/p>\n","protected":false},"author":122,"featured_media":684,"comment_status":"closed","ping_status":"","sticky":false,"template":"","format":"standard","meta":{"footnotes":""},"categories":[3],"tags":[],"class_list":["post-683","post","type-post","status-publish","format-standard","has-post-thumbnail","hentry","category-evento-do-dac"],"_links":{"self":[{"href":"https:\/\/www.ccta.ufpb.br\/dac\/wp-json\/wp\/v2\/posts\/683","targetHints":{"allow":["GET"]}}],"collection":[{"href":"https:\/\/www.ccta.ufpb.br\/dac\/wp-json\/wp\/v2\/posts"}],"about":[{"href":"https:\/\/www.ccta.ufpb.br\/dac\/wp-json\/wp\/v2\/types\/post"}],"author":[{"embeddable":true,"href":"https:\/\/www.ccta.ufpb.br\/dac\/wp-json\/wp\/v2\/users\/122"}],"replies":[{"embeddable":true,"href":"https:\/\/www.ccta.ufpb.br\/dac\/wp-json\/wp\/v2\/comments?post=683"}],"version-history":[{"count":2,"href":"https:\/\/www.ccta.ufpb.br\/dac\/wp-json\/wp\/v2\/posts\/683\/revisions"}],"predecessor-version":[{"id":688,"href":"https:\/\/www.ccta.ufpb.br\/dac\/wp-json\/wp\/v2\/posts\/683\/revisions\/688"}],"wp:featuredmedia":[{"embeddable":true,"href":"https:\/\/www.ccta.ufpb.br\/dac\/wp-json\/wp\/v2\/media\/684"}],"wp:attachment":[{"href":"https:\/\/www.ccta.ufpb.br\/dac\/wp-json\/wp\/v2\/media?parent=683"}],"wp:term":[{"taxonomy":"category","embeddable":true,"href":"https:\/\/www.ccta.ufpb.br\/dac\/wp-json\/wp\/v2\/categories?post=683"},{"taxonomy":"post_tag","embeddable":true,"href":"https:\/\/www.ccta.ufpb.br\/dac\/wp-json\/wp\/v2\/tags?post=683"}],"curies":[{"name":"wp","href":"https:\/\/api.w.org\/{rel}","templated":true}]}}