{"id":690,"date":"2026-08-03T10:08:19","date_gmt":"2026-08-03T13:08:19","guid":{"rendered":"https:\/\/www.ccta.ufpb.br\/dac\/?p=690"},"modified":"2026-08-03T10:20:47","modified_gmt":"2026-08-03T13:20:47","slug":"processo-eleitoral-para-coordenacoes-dos-cursos-de-teatro-e-danca","status":"publish","type":"post","link":"https:\/\/www.ccta.ufpb.br\/dac\/selecao\/processo-eleitoral-para-coordenacoes-dos-cursos-de-teatro-e-danca\/","title":{"rendered":"Processo eleitoral para coordena\u00e7\u00f5es dos cursos de Teatro e Dan\u00e7a"},"content":{"rendered":"\n<p class=\"wp-block-paragraph\">A Universidade Federal da Para\u00edba (UFPB), por meio da Comiss\u00e3o Eleitoral do <strong>Departamento de Artes C\u00eanicas<\/strong> (DAC), publicou o <a href=\"http:\/\/www.ccta.ufpb.br\/dac\/wp-content\/uploads\/sites\/102\/sites\/289\/2026\/08\/01_-_Eleicao_assinado_Valeria_Leticia_Guilherme_assinado_assinado.pdf\">Edital n\u00ba 01\/2026<\/a>, que regulamenta a consulta \u00e0 comunidade universit\u00e1ria para a escolha da <strong>Coordena\u00e7\u00e3o do Curso de Licenciatura em Teatro <\/strong>e da <strong>Vice-Coordena\u00e7\u00e3o do Curso de Licenciatura em Dan\u00e7a<\/strong> para o bi\u00eanio 2026\u20132027.<\/p>\n\n\n\n<p class=\"wp-block-paragraph\">A vota\u00e7\u00e3o ser\u00e1 realizada no dia <strong>17 de agosto de 2026<\/strong>, das <strong>8h \u00e0s 20h<\/strong>, por meio do sistema <strong><a href=\"https:\/\/sigeleicao.ufpb.br\/sigeleicao\/\">SIGElei\u00e7\u00e3o<\/a><\/strong>. A consulta ser\u00e1 direta e seguir\u00e1 as regras previstas no edital e na Resolu\u00e7\u00e3o n\u00ba 1\/2023 do Departamento de Artes C\u00eanicas.<\/p>\n\n\n\n<p class=\"wp-block-paragraph\">Podem votar:<\/p>\n\n\n\n<ul class=\"wp-block-list\">\n<li>docentes do <strong>Departamento de Artes C\u00eanicas<\/strong>;<\/li>\n\n\n\n<li>servidores(as) t\u00e9cnico(a)-administrativos(as) do departamento;<\/li>\n\n\n\n<li>estudantes regularmente matriculados nos cursos de <strong>Licenciatura em Teatro, Bacharelado em Teatro e Licenciatura em Dan\u00e7a<\/strong>.<\/li>\n<\/ul>\n\n\n\n<p class=\"wp-block-paragraph\">O edital estabelece que cada eleitor(a) poder\u00e1 votar apenas uma vez, mesmo que possua mais de um v\u00ednculo com a Universidade. Nesses casos, ser\u00e3o observados os crit\u00e9rios definidos no pr\u00f3prio edital.<\/p>\n\n\n\n<p class=\"wp-block-paragraph\">As candidaturas poder\u00e3o ser registradas por docentes da carreira do Magist\u00e9rio Superior pertencentes ao quadro permanente do <strong>Departamento de Artes C\u00eanicas<\/strong>, desde que estejam em efetivo exerc\u00edcio de suas atividades.<\/p>\n\n\n\n<p class=\"wp-block-paragraph\">A Comiss\u00e3o Eleitoral, respons\u00e1vel por organizar e conduzir todas as etapas do processo eleitoral, foi constitu\u00edda durante a 187\u00aa Reuni\u00e3o Ordin\u00e1ria do <strong>Departamento de Artes C\u00eanicas<\/strong>, realizada em 2 de julho de 2026. A comiss\u00e3o \u00e9 composta por:<\/p>\n\n\n\n<p class=\"wp-block-paragraph\">.<strong>Ana Val\u00e9ria Ramos Vicente<\/strong> \u2013 presidente;<\/p>\n\n\n\n<p class=\"wp-block-paragraph\">.<strong>Let\u00edcia Rodrigues Frutuoso<\/strong> \u2013 suplente;<\/p>\n\n\n\n<p class=\"wp-block-paragraph\">.<strong>Klauniston Gomes Ferreira<\/strong> \u2013 representante dos(as) servidores(as) t\u00e9cnico(a)-administrativos(as);<\/p>\n\n\n\n<p class=\"wp-block-paragraph\">.<strong>Guilherme Pereira de Carvalho<\/strong> \u2013 representante discente do curso de Bacharelado em Teatro.<\/p>\n\n\n\n<p class=\"wp-block-paragraph\">A comunidade acad\u00eamica deve consultar o <a href=\"http:\/\/www.ccta.ufpb.br\/dac\/wp-content\/uploads\/sites\/102\/sites\/289\/2026\/08\/01_-_Eleicao_assinado_Valeria_Leticia_Guilherme_assinado_assinado.pdf\">Edital n\u00ba 01\/2026<\/a> para conhecer o cronograma completo, os requisitos para candidatura e as demais regras da consulta eleitoral.<\/p>\n\n\n\n<h2 class=\"wp-block-heading\"><div class=\"linha-header\">Fonte<\/div><\/h2>\n\n\n\n<p class=\"wp-block-paragraph\">O conte\u00fado previamente apresentado foi amplamente elaborado em Linguagem Simples por\u00a0<a href=\"https:\/\/chatgpt.com\/g\/g-67ab8c842b148191b497b2e150fa993b-gralha\/c\/68307ae4-34c4-800c-abcd-872ab36a7983\">GRALHA<\/a>, a partir do <a href=\"http:\/\/www.ccta.ufpb.br\/dac\/wp-content\/uploads\/sites\/102\/sites\/289\/2026\/08\/01_-_Eleicao_assinado_Valeria_Leticia_Guilherme_assinado_assinado.pdf\">Edital n\u00ba 01\/2026<\/a>.<\/p>\n\n\n<div class=\"wp-block-image\">\n<figure class=\"aligncenter size-large\"><img loading=\"lazy\" decoding=\"async\" width=\"1024\" height=\"297\" src=\"http:\/\/www.ccta.ufpb.br\/dac\/wp-content\/uploads\/sites\/102\/sites\/289\/2025\/04\/dac8-1-1024x297.jpeg\" alt=\"\" class=\"wp-image-23\" srcset=\"https:\/\/www.ccta.ufpb.br\/dac\/wp-content\/uploads\/sites\/102\/sites\/289\/2025\/04\/dac8-1-1024x297.jpeg 1024w, https:\/\/www.ccta.ufpb.br\/dac\/wp-content\/uploads\/sites\/102\/sites\/289\/2025\/04\/dac8-1-300x87.jpeg 300w, https:\/\/www.ccta.ufpb.br\/dac\/wp-content\/uploads\/sites\/102\/sites\/289\/2025\/04\/dac8-1-768x223.jpeg 768w, https:\/\/www.ccta.ufpb.br\/dac\/wp-content\/uploads\/sites\/102\/sites\/289\/2025\/04\/dac8-1-1536x445.jpeg 1536w, https:\/\/www.ccta.ufpb.br\/dac\/wp-content\/uploads\/sites\/102\/sites\/289\/2025\/04\/dac8-1.jpeg 1600w\" sizes=\"auto, (max-width: 1024px) 100vw, 1024px\" \/><\/figure>\n<\/div>","protected":false},"excerpt":{"rendered":"<p>A Universidade Federal da Para\u00edba (UFPB), por meio da Comiss\u00e3o Eleitoral do Departamento de Artes [&hellip;]<\/p>\n","protected":false},"author":122,"featured_media":5,"comment_status":"closed","ping_status":"","sticky":false,"template":"","format":"standard","meta":{"footnotes":""},"categories":[4],"tags":[],"class_list":["post-690","post","type-post","status-publish","format-standard","has-post-thumbnail","hentry","category-selecao"],"_links":{"self":[{"href":"https:\/\/www.ccta.ufpb.br\/dac\/wp-json\/wp\/v2\/posts\/690","targetHints":{"allow":["GET"]}}],"collection":[{"href":"https:\/\/www.ccta.ufpb.br\/dac\/wp-json\/wp\/v2\/posts"}],"about":[{"href":"https:\/\/www.ccta.ufpb.br\/dac\/wp-json\/wp\/v2\/types\/post"}],"author":[{"embeddable":true,"href":"https:\/\/www.ccta.ufpb.br\/dac\/wp-json\/wp\/v2\/users\/122"}],"replies":[{"embeddable":true,"href":"https:\/\/www.ccta.ufpb.br\/dac\/wp-json\/wp\/v2\/comments?post=690"}],"version-history":[{"count":4,"href":"https:\/\/www.ccta.ufpb.br\/dac\/wp-json\/wp\/v2\/posts\/690\/revisions"}],"predecessor-version":[{"id":695,"href":"https:\/\/www.ccta.ufpb.br\/dac\/wp-json\/wp\/v2\/posts\/690\/revisions\/695"}],"wp:featuredmedia":[{"embeddable":true,"href":"https:\/\/www.ccta.ufpb.br\/dac\/wp-json\/wp\/v2\/media\/5"}],"wp:attachment":[{"href":"https:\/\/www.ccta.ufpb.br\/dac\/wp-json\/wp\/v2\/media?parent=690"}],"wp:term":[{"taxonomy":"category","embeddable":true,"href":"https:\/\/www.ccta.ufpb.br\/dac\/wp-json\/wp\/v2\/categories?post=690"},{"taxonomy":"post_tag","embeddable":true,"href":"https:\/\/www.ccta.ufpb.br\/dac\/wp-json\/wp\/v2\/tags?post=690"}],"curies":[{"name":"wp","href":"https:\/\/api.w.org\/{rel}","templated":true}]}}