{"id":751,"date":"2026-08-10T14:13:55","date_gmt":"2026-08-10T17:13:55","guid":{"rendered":"https:\/\/www.ccta.ufpb.br\/dac\/?p=751"},"modified":"2026-08-10T14:16:59","modified_gmt":"2026-08-10T17:16:59","slug":"defesas-de-tcc-do-dac-em-2026-1","status":"publish","type":"post","link":"https:\/\/www.ccta.ufpb.br\/dac\/tcc\/defesas-de-tcc-do-dac-em-2026-1\/","title":{"rendered":"Defesas de TCC do DAC em 2026.1"},"content":{"rendered":"\n<p class=\"wp-block-paragraph\">O Departamento de Artes C\u00eanicas &#8211; DAC\/CCTA\/UFPB realiza, de 6 a 14 de agosto, as <a href=\"https:\/\/drive.google.com\/file\/d\/1PG0s4RBCR2zZ9Ci9VDJMlac9uA25S-BO\/view?usp=drivesdk\">defesas dos Trabalhos de Conclus\u00e3o de Curso do per\u00edodo 2026.1<\/a>.<\/p>\n\n\n\n<p class=\"wp-block-paragraph\">As apresenta\u00e7\u00f5es ocorrem no Abacat\u00e3o, bloco C, do Centro de Comunica\u00e7\u00e3o Turismo e Artes (CCTA) da UFPB. A programa\u00e7\u00e3o re\u00fane trabalhos dos cursos de Licenciatura em Dan\u00e7a, Licenciatura em Teatro e Bacharelado em Teatro.<\/p>\n\n\n\n<h2 class=\"wp-block-heading\"><div class=\"linha-header\">Programa\u00e7\u00e3o<\/div><\/h2>\n\n\n\n<h3 class=\"wp-block-heading\">Quinta-feira, 6 de agosto<\/h3>\n\n\n\n<p class=\"wp-block-paragraph\"><strong>9h \u2013 Sala 15<\/strong><br><strong><em>K-pop<\/em> \u00e9 dan\u00e7a?: uma investiga\u00e7\u00e3o sobre o papel da dan\u00e7a na ind\u00fastria K-pop<\/strong><br>Discente: Ana Cecilia Soares Martins<br>Orientadora: Profa. Dra. Michelle Aparecida Gabrielli Boaventura.<\/p>\n\n\n\n<p class=\"wp-block-paragraph\"><strong>14h \u2013 Sala 14<\/strong><br><strong>\u201c\u00d4 cuidado com a barra da saia, \u00f4 mulher!\u201d: a saia como tecido vivo da mem\u00f3ria entre passado, presente e futuro<\/strong><br>Discente: T\u00e1rsis Batista Farias<br>Orientadora: Profa. Dra. Juliana Costa Ribeiro.<\/p>\n\n\n\n<h3 class=\"wp-block-heading\">Sexta-feira, 7 de agosto<\/h3>\n\n\n\n<p class=\"wp-block-paragraph\"><strong>14h \u2013 Sala 10<\/strong><br><strong>A desvaloriza\u00e7\u00e3o art\u00edstica no cen\u00e1rio K-cover: uma an\u00e1lise de competi\u00e7\u00f5es em Jo\u00e3o Pessoa e seus efeitos<\/strong><br>Discente: Cynthia Raquel Pereira Castro<br>Orientadora: Profa. Dra. Michelle Aparecida Gabrielli Boaventura.<\/p>\n\n\n\n<p class=\"wp-block-paragraph\"><strong>15h30 \u2013 Sala 10<\/strong><br><strong>\u201cNo curso de dan\u00e7a, s\u00f3 se dan\u00e7a?\u201d: uma an\u00e1lise dos projetos pedag\u00f3gicos do curso da Licenciatura em Dan\u00e7a da Universidade Federal da Para\u00edba<\/strong><br>Discente: Raniclece Val\u00e9rio dos Santos<br>Orientadora: Profa. Dra. Michelle Aparecida Gabrielli Boaventura.<\/p>\n\n\n\n<h3 class=\"wp-block-heading\">Segunda-feira, 10 de agosto<\/h3>\n\n\n\n<p class=\"wp-block-paragraph\"><strong>14h \u2013 Sala 11<\/strong><br><strong><em>K-pop<\/em> como ponte para a pr\u00e1tica de dan\u00e7as urbanas: uma an\u00e1lise de elementos t\u00e9cnicos do <em>Waacking\/Punking<\/em> e <em>Tutting <\/em>em apresenta\u00e7\u00f5es do <em>K-cover<\/em><\/strong><br>Discente: Laura Beatriz Suassuna Almeida<br>Orientadora: Profa. Dra. Michelle Aparecida Gabrielli Boaventura.<\/p>\n\n\n\n<p class=\"wp-block-paragraph\"><strong>15h30 \u2013 Sala 10<\/strong><br><strong>O Pilates como pr\u00e1tica complementar para alunos do curso de Licenciatura em Dan\u00e7a<\/strong><br>Discente: Jade Aires Medeiros Castor de Lima<br>Orientadora: Profa. Dra. B\u00e1rbara Concei\u00e7\u00e3o Santos da Silva.<\/p>\n\n\n\n<p class=\"wp-block-paragraph\"><strong>17h \u2013 Sala 10<\/strong><br><strong>Oxe, que bal\u00e9 \u00e9 esse? Uma an\u00e1lise sobre a forma\u00e7\u00e3o em bal\u00e9 cl\u00e1ssico na cidade de Jo\u00e3o Pessoa &#8211; PB<\/strong><br>Discente: Let\u00edcia Paulino Th\u00f3 Rodrigues<br>Orientador: Prof. Dr. Guilherme Schulze.<\/p>\n\n\n\n<p class=\"wp-block-paragraph\"><strong>17h30 \u2013 Sala 1<\/strong><br><strong>O teatro de bonecos como estrat\u00e9gia pedag\u00f3gica: uma experi\u00eancia com alunos do Ensino Fundamental II<\/strong><br>Discente: Ant\u00f4nio Diogo Soares dos Santos<br>Orientador: Prof. Dr. Osvaldo Antonio Anzolin.<\/p>\n\n\n\n<h3 class=\"wp-block-heading\">Ter\u00e7a-feira, 11 de agosto<\/h3>\n\n\n\n<p class=\"wp-block-paragraph\"><strong>10h \u2013 Sala 10<\/strong><br><strong>Movimento em ensaio: <em>K-pop<\/em> e <em>K-cover<\/em> em Jo\u00e3o Pessoa<\/strong><br>Discente: Jo\u00e3o Maur\u00edcio Pereira Vieira<br>Orientador: Prof. Dr. Guilherme Schulze.<\/p>\n\n\n\n<p class=\"wp-block-paragraph\"><strong>14h30 \u2013 Sala 10<\/strong><br><strong><em>Cyber Industrial Dance<\/em> e <em>Fusion Dance<\/em> (<em>CIF Dance<\/em>): dan\u00e7as que retratam o mundo p\u00f3s-apocal\u00edptico<\/strong><br>Discente: Renata Wilma Vasconcelos<br>Orientador: Prof. Dr. Guilherme Schulze.<\/p>\n\n\n\n<p class=\"wp-block-paragraph\"><strong>19h \u2013 Sala 8<\/strong><br><strong>Em fluxo: percursos de cria\u00e7\u00e3o em performance c\u00eanica autoficcional<\/strong><br>Discente: Ana Beatriz dos Santos S\u00e1tiro Xavier<br>Orientador: Erlon Cherque Pinto.<\/p>\n\n\n\n<h3 class=\"wp-block-heading\">Quarta-feira, 12 de agosto<\/h3>\n\n\n\n<p class=\"wp-block-paragraph\"><strong>10h30 \u2013 Sala 8<\/strong><br><strong>Metamorfose corporal: entre a cena e a feira<\/strong><br>Discente: Lekinho Para\u00edba Silva da Costa<br>Orientadora: Profa. Dra. L\u00edria de Ara\u00fajo Morais.<\/p>\n\n\n\n<p class=\"wp-block-paragraph\"><strong>19h \u2013 Sala 8<\/strong><br><strong>Algu\u00e9m na mirargem: uma perspectiva de cria\u00e7\u00e3o c\u00eanica autoficcional<\/strong><br>Discente: Isadora Maria Sousa Albuquerque<br>Orientador: Erlon Cherque Pinto.<\/p>\n\n\n\n<h3 class=\"wp-block-heading\">Quinta-feira, 13 de agosto <\/h3>\n\n\n\n<p class=\"wp-block-paragraph\"><strong>18h30 \u2013 Sala 14<\/strong><br><strong>Manual para dan\u00e7ar na margem<\/strong><br>Discente: Amanda La\u00edza Campos Dias (Zona)<br>Orientadora: Profa. Dra. Ana Val\u00e9ria Ramos Vicente.<\/p>\n\n\n\n<h3 class=\"wp-block-heading\">Sexta-feira, 14 de agosto<\/h3>\n\n\n\n<p class=\"wp-block-paragraph\"><strong>14h \u2013 Sala 15<\/strong><br><strong>Embalar: gesto de m\u00e3e preta<\/strong><br>Discente: Maria Isabel Costa Menezes da Rocha<br>Orientadora: Profa. Dra. L\u00edria de Ara\u00fajo Morais.<\/p>\n\n\n\n<p class=\"wp-block-paragraph\"><strong>14h \u2013 Sala 14<\/strong><br><strong>Entre encontros e perman\u00eancias: teatro de grupo e processos formativos na Trupe Alur\u00f4<\/strong><br>Discente: Yhara Mirts Laurentino<br>Orientadora: Profa. Dra. Ana Val\u00e9ria Ramos Vicente.<\/p>\n\n\n\n<p class=\"wp-block-paragraph\"><strong>16h \u2013 Sala 7<\/strong><br><strong>Processo de cria\u00e7\u00e3o da maquiagem c\u00eanica: espet\u00e1culo Calvero, cafetina dissimulada<\/strong><br>Discente: Ana Carolina Pontes Gon\u00e7alves<br>Orientadora: Profa. Dra. Paula Alves Coelho Barbosa.<\/p>\n\n\n\n<p class=\"wp-block-paragraph\"><strong>18h \u2013 <em>Hall<\/em> de entrada do Abacat\u00e3o<\/strong><br><strong>A cena circense: um estudo sobre o mon\u00f3logo \u201cA arte do viver\u201d<\/strong><br>Discente: Cassiel Campos Deptuesqui<br>Orientador: Prof. Dr. Jos\u00e9 Tonezzi.<\/p>\n\n\n\n<p class=\"wp-block-paragraph\"><strong>19h \u2013 Teatro Ednaldo do Egypto, em Mana\u00edra<\/strong><br><strong>Uma gota de encanto: uma introdu\u00e7\u00e3o ao teatro do encantamento<\/strong><br>Discente: Maria Clara Pessoa Schroeder Bahr<br>Orientadora: Profa. Dra. Lucia Serpa.<\/p>\n\n\n\n<h2 class=\"wp-block-heading\"><div class=\"linha-header\">Semana C\u00eanica 26.1<\/div><\/h2>\n\n\n\n<p class=\"wp-block-paragraph\">Al\u00e9m das defesas de TCC, a <a href=\"https:\/\/www.ccta.ufpb.br\/dac\/evento-do-dac\/dac-realiza-semana-cenica-2026-1-entre-10-e-12-de-agosto\/\">Semana C\u00eanica 26.1<\/a> conta com apresenta\u00e7\u00f5es art\u00edsticas nos dias 10, 11 e 12 de agosto. O evento \u00e9 promovido pelo Departamento de Artes C\u00eanicas da UFPB.<\/p>\n\n\n<div class=\"wp-block-image\">\n<figure class=\"aligncenter size-large\"><img loading=\"lazy\" decoding=\"async\" width=\"1024\" height=\"297\" src=\"http:\/\/www.ccta.ufpb.br\/dac\/wp-content\/uploads\/sites\/102\/sites\/289\/2025\/04\/dac8-1-1024x297.jpeg\" alt=\"\" class=\"wp-image-23\" srcset=\"https:\/\/www.ccta.ufpb.br\/dac\/wp-content\/uploads\/sites\/102\/sites\/289\/2025\/04\/dac8-1-1024x297.jpeg 1024w, https:\/\/www.ccta.ufpb.br\/dac\/wp-content\/uploads\/sites\/102\/sites\/289\/2025\/04\/dac8-1-300x87.jpeg 300w, https:\/\/www.ccta.ufpb.br\/dac\/wp-content\/uploads\/sites\/102\/sites\/289\/2025\/04\/dac8-1-768x223.jpeg 768w, https:\/\/www.ccta.ufpb.br\/dac\/wp-content\/uploads\/sites\/102\/sites\/289\/2025\/04\/dac8-1-1536x445.jpeg 1536w, https:\/\/www.ccta.ufpb.br\/dac\/wp-content\/uploads\/sites\/102\/sites\/289\/2025\/04\/dac8-1.jpeg 1600w\" sizes=\"auto, (max-width: 1024px) 100vw, 1024px\" \/><\/figure>\n<\/div>","protected":false},"excerpt":{"rendered":"<p>O Departamento de Artes C\u00eanicas &#8211; DAC\/CCTA\/UFPB realiza, de 6 a 14 de agosto, as [&hellip;]<\/p>\n","protected":false},"author":122,"featured_media":5,"comment_status":"closed","ping_status":"","sticky":false,"template":"","format":"standard","meta":{"footnotes":""},"categories":[10],"tags":[],"class_list":["post-751","post","type-post","status-publish","format-standard","has-post-thumbnail","hentry","category-tcc"],"_links":{"self":[{"href":"https:\/\/www.ccta.ufpb.br\/dac\/wp-json\/wp\/v2\/posts\/751","targetHints":{"allow":["GET"]}}],"collection":[{"href":"https:\/\/www.ccta.ufpb.br\/dac\/wp-json\/wp\/v2\/posts"}],"about":[{"href":"https:\/\/www.ccta.ufpb.br\/dac\/wp-json\/wp\/v2\/types\/post"}],"author":[{"embeddable":true,"href":"https:\/\/www.ccta.ufpb.br\/dac\/wp-json\/wp\/v2\/users\/122"}],"replies":[{"embeddable":true,"href":"https:\/\/www.ccta.ufpb.br\/dac\/wp-json\/wp\/v2\/comments?post=751"}],"version-history":[{"count":4,"href":"https:\/\/www.ccta.ufpb.br\/dac\/wp-json\/wp\/v2\/posts\/751\/revisions"}],"predecessor-version":[{"id":755,"href":"https:\/\/www.ccta.ufpb.br\/dac\/wp-json\/wp\/v2\/posts\/751\/revisions\/755"}],"wp:featuredmedia":[{"embeddable":true,"href":"https:\/\/www.ccta.ufpb.br\/dac\/wp-json\/wp\/v2\/media\/5"}],"wp:attachment":[{"href":"https:\/\/www.ccta.ufpb.br\/dac\/wp-json\/wp\/v2\/media?parent=751"}],"wp:term":[{"taxonomy":"category","embeddable":true,"href":"https:\/\/www.ccta.ufpb.br\/dac\/wp-json\/wp\/v2\/categories?post=751"},{"taxonomy":"post_tag","embeddable":true,"href":"https:\/\/www.ccta.ufpb.br\/dac\/wp-json\/wp\/v2\/tags?post=751"}],"curies":[{"name":"wp","href":"https:\/\/api.w.org\/{rel}","templated":true}]}}