{"id":756,"date":"2026-08-14T14:14:40","date_gmt":"2026-08-14T17:14:40","guid":{"rendered":"https:\/\/www.ccta.ufpb.br\/dac\/?p=756"},"modified":"2026-08-14T15:49:03","modified_gmt":"2026-08-14T18:49:03","slug":"violencia-nao-deve-fazer-parte-do-espetaculo","status":"publish","type":"post","link":"https:\/\/www.ccta.ufpb.br\/dac\/campanha\/violencia-nao-deve-fazer-parte-do-espetaculo\/","title":{"rendered":"Viol\u00eancia n\u00e3o deve fazer parte do espet\u00e1culo"},"content":{"rendered":"\n<p class=\"wp-block-paragraph\"><strong>Na arte, na universidade e na vida, respeito n\u00e3o \u00e9 opcional.<\/strong><\/p>\n\n\n\n<p class=\"wp-block-paragraph\">Empurr\u00f5es, pontap\u00e9s, socos, amea\u00e7as, toques sem consentimento e outras formas de viol\u00eancia n\u00e3o fazem parte de uma conviv\u00eancia respeitosa.<\/p>\n\n\n\n<p class=\"wp-block-paragraph\">Uma agress\u00e3o, mesmo que pare\u00e7a pequena, pode se tornar mais grave e trazer consequ\u00eancias para quem agride e para quem sofre a viol\u00eancia.<\/p>\n\n\n\n<h2 class=\"wp-block-heading\"><div class=\"linha-header\"><strong>O que \u00e9 viol\u00eancia f\u00edsica?<\/strong><\/div><\/h2>\n\n\n\n<p class=\"wp-block-paragraph\">Viol\u00eancia f\u00edsica \u00e9 o uso de for\u00e7a contra outra pessoa.<\/p>\n\n\n\n<p class=\"wp-block-paragraph\">Ela pode incluir:<\/p>\n\n\n\n<ul class=\"wp-block-list\">\n<li>empurr\u00f5es;<\/li>\n\n\n\n<li>pontap\u00e9s;<\/li>\n\n\n\n<li>socos;<\/li>\n\n\n\n<li>agress\u00f5es;<\/li>\n\n\n\n<li>brigas;<\/li>\n\n\n\n<li>outras formas de ataque f\u00edsico.<\/li>\n<\/ul>\n\n\n\n<p class=\"wp-block-paragraph\">Mesmo quando n\u00e3o h\u00e1 les\u00e3o corporal, uma agress\u00e3o pode ter consequ\u00eancias jur\u00eddicas.<\/p>\n\n\n\n<h2 class=\"wp-block-heading\"><div class=\"linha-header\"><strong>E quando algu\u00e9m amea\u00e7a outra pessoa?<\/strong><\/div><\/h2>\n\n\n\n<p class=\"wp-block-paragraph\">A amea\u00e7a est\u00e1 prevista no C\u00f3digo Penal brasileiro.<\/p>\n\n\n\n<p class=\"wp-block-paragraph\">Ela acontece quando algu\u00e9m amea\u00e7a outra pessoa, por palavras, gestos ou outros meios, com a inten\u00e7\u00e3o de causar um mal injusto e grave.<\/p>\n\n\n\n<h2 class=\"wp-block-heading\"><div class=\"linha-header\"><strong>O que \u00e9 viol\u00eancia sexual?<\/strong><\/div><\/h2>\n\n\n\n<p class=\"wp-block-paragraph\">Viol\u00eancia sexual \u00e9 qualquer ato sexual, tentativa de ato sexual, coment\u00e1rio ou abordagem de natureza sexual <strong>sem o consentimento da pessoa<\/strong>.<\/p>\n\n\n\n<p class=\"wp-block-paragraph\">Ela pode acontecer por meio de:<\/p>\n\n\n\n<ul class=\"wp-block-list\">\n<li>for\u00e7a f\u00edsica;<\/li>\n\n\n\n<li>intimida\u00e7\u00e3o;<\/li>\n\n\n\n<li>amea\u00e7as;<\/li>\n\n\n\n<li>press\u00e3o psicol\u00f3gica;<\/li>\n\n\n\n<li>outras formas de coer\u00e7\u00e3o.<\/li>\n<\/ul>\n\n\n\n<p class=\"wp-block-paragraph\">A viol\u00eancia sexual tamb\u00e9m pode ocorrer quando a pessoa <strong>n\u00e3o tem condi\u00e7\u00f5es de consentir<\/strong>. Isso pode acontecer, por exemplo, quando ela est\u00e1 dormindo, inconsciente ou sob efeito de \u00e1lcool ou outras drogas.<\/p>\n\n\n\n<p class=\"wp-block-paragraph\"><strong>Consentimento \u00e9 necess\u00e1rio.<\/strong><\/p>\n\n\n\n<p class=\"wp-block-paragraph\">Estar em um relacionamento, conhecer a pessoa ou j\u00e1 ter tido uma rela\u00e7\u00e3o sexual com ela n\u00e3o significa consentir com qualquer ato.<\/p>\n\n\n\n<p class=\"wp-block-paragraph\">A viol\u00eancia sexual pode causar consequ\u00eancias f\u00edsicas, emocionais e sociais. Tamb\u00e9m pode trazer riscos \u00e0 sa\u00fade, inclusive relacionados a infec\u00e7\u00f5es sexualmente transmiss\u00edveis.<\/p>\n\n\n\n<h2 class=\"wp-block-heading\"><div class=\"linha-header\"><strong>O que fazer diante de uma situa\u00e7\u00e3o de viol\u00eancia na UFPB?<\/strong><\/div><\/h2>\n\n\n\n<p class=\"wp-block-paragraph\">Se voc\u00ea sofrer ou presenciar uma situa\u00e7\u00e3o de viol\u00eancia:<\/p>\n\n\n\n<ul class=\"wp-block-list\">\n<li>afaste-se da situa\u00e7\u00e3o de risco, quando poss\u00edvel;<\/li>\n\n\n\n<li>evite responder \u00e0 agress\u00e3o com outra agress\u00e3o;<\/li>\n\n\n\n<li>procure a chefia ou as coordena\u00e7\u00f5es do DAC\/CCTA\/UFPB;<\/li>\n\n\n\n<li>busque atendimento e acolhimento na UFPB.<\/li>\n<\/ul>\n\n\n\n<p class=\"wp-block-paragraph\"><strong>Voc\u00ea n\u00e3o precisa enfrentar uma situa\u00e7\u00e3o de viol\u00eancia sozinha ou sozinho.<\/strong><\/p>\n\n\n\n<h2 class=\"wp-block-heading\"><div class=\"linha-header\"><strong>Onde buscar acolhimento na UFPB?<\/strong><\/div><\/h2>\n\n\n\n<p class=\"wp-block-paragraph\"><strong>Cuidar de si tamb\u00e9m faz parte do processo.<\/strong><\/p>\n\n\n\n<p class=\"wp-block-paragraph\"><strong>.Para qualquer discente:<\/strong><\/p>\n\n\n\n<p class=\"wp-block-paragraph\">Estudantes podem buscar <strong>Escuta e Acolhimento Psicol\u00f3gico<\/strong> na Pr\u00f3-Reitoria de Assist\u00eancia e Promo\u00e7\u00e3o ao Estudante (PRAPE).<\/p>\n\n\n\n<p class=\"wp-block-paragraph\">Acesse: <strong><a href=\"https:\/\/servico-psicologia-rumf-ufpb.reservio.com\/\" target=\"_blank\" rel=\"noreferrer noopener\">servico-psicologia-rumf-ufpb.reservio.com<\/a><\/strong><\/p>\n\n\n\n<p class=\"wp-block-paragraph\"><strong>.Para <\/strong><strong>mulheres\u00a0que estudam, trabalham ou convivem na UFPB<\/strong>:<\/p>\n\n\n\n<p class=\"wp-block-paragraph\">A <strong>CoMu<\/strong> oferece atendimento e acolhimento para mulheres cis e trans.<\/p>\n\n\n\n<p class=\"wp-block-paragraph\"><strong><em>E-mail<\/em>:<\/strong> comu@comu.ufpb.br<br><strong><em>Instagram<\/em>:<\/strong> @comuufpb<br><strong>Telefone e <em>WhatsApp<\/em>:<\/strong> (83) 3048-8523<br><strong>Hor\u00e1rio:<\/strong> de segunda a sexta-feira, das 8h \u00e0s 12h e das 13h \u00e0s 17h.<\/p>\n\n\n\n<p class=\"wp-block-paragraph\"><strong>Local:<\/strong> pr\u00e9dio da Reitoria da UFPB, 1\u00ba andar, no corredor pr\u00f3ximo \u00e0 PRAPE e ao SIASS.<\/p>\n\n\n\n<p class=\"wp-block-paragraph\"><strong>.Para docentes e t\u00e9cnicos(as)-administrativos(as)<\/strong>:<\/p>\n\n\n\n<p class=\"wp-block-paragraph\">A <strong>Divis\u00e3o de Qualidade de Vida e Sa\u00fade <\/strong>(DVQS\/PROGEP) oferece acolhimento psicol\u00f3gico breve e apoio em situa\u00e7\u00f5es de sofrimento emocional.<\/p>\n\n\n\n<p class=\"wp-block-paragraph\">Para solicitar atendimento, envie mensagem para <strong><a href=\"mailto:dqvs.psicologia@progep.ufpb.br\">dqvs.psicologia@progep.ufpb.br<\/a><\/strong>.<\/p>\n\n\n\n<p class=\"has-text-align-center has-medium-font-size wp-block-paragraph\"><strong>Arte se faz com liberdade &#8211; e com respeito.<\/strong><\/p>\n\n\n<div class=\"wp-block-image\">\n<figure class=\"aligncenter size-large\"><img loading=\"lazy\" decoding=\"async\" width=\"683\" height=\"1024\" src=\"http:\/\/www.ccta.ufpb.br\/dac\/wp-content\/uploads\/sites\/102\/sites\/289\/2026\/08\/Violencias-683x1024.png\" alt=\"\" class=\"wp-image-762\" srcset=\"https:\/\/www.ccta.ufpb.br\/dac\/wp-content\/uploads\/sites\/102\/sites\/289\/2026\/08\/Violencias-683x1024.png 683w, https:\/\/www.ccta.ufpb.br\/dac\/wp-content\/uploads\/sites\/102\/sites\/289\/2026\/08\/Violencias-200x300.png 200w, https:\/\/www.ccta.ufpb.br\/dac\/wp-content\/uploads\/sites\/102\/sites\/289\/2026\/08\/Violencias-768x1152.png 768w, https:\/\/www.ccta.ufpb.br\/dac\/wp-content\/uploads\/sites\/102\/sites\/289\/2026\/08\/Violencias.png 1024w\" sizes=\"auto, (max-width: 683px) 100vw, 683px\" \/><\/figure>\n<\/div>\n\n\n<h2 class=\"wp-block-heading\"><div class=\"linha-header\">Fonte<\/div><\/h2>\n\n\n\n<p class=\"wp-block-paragraph\">O conte\u00fado pr\u00e9vio foi amplamente adaptado por GRALHA da <a href=\"https:\/\/www.paho.org\/pt\/noticias\/25-7-2018-neste-dia-laranja-opasoms-aborda-violencia-sexual-e-suas-consequencias-para\">Organiza\u00e7\u00e3o Pan-Americana de Sa\u00fade<\/a> e do <a href=\"https:\/\/educacao.rs.gov.br\/upload\/arquivos\/202606\/29114114-protocolo-de-paz-e-seguranca-nas-escolas-modulo-1.pdf\">Protocolo de paz e seguran\u00e7a nas escolas: orienta\u00e7\u00e3o, preven\u00e7\u00e3o e combate \u00e0 viol\u00eancia f\u00edsica e amea\u00e7as \u00e0s escolas \u2013 m\u00f3dulo 1 da Secretaria de Educa\u00e7\u00e3o do Governo do Rio Grande do Sul<\/a>.<\/p>\n\n\n<div class=\"wp-block-image\">\n<figure class=\"aligncenter size-large\"><img loading=\"lazy\" decoding=\"async\" width=\"1024\" height=\"297\" src=\"http:\/\/www.ccta.ufpb.br\/dac\/wp-content\/uploads\/sites\/102\/sites\/289\/2025\/04\/dac8-1-1024x297.jpeg\" alt=\"\" class=\"wp-image-23\" srcset=\"https:\/\/www.ccta.ufpb.br\/dac\/wp-content\/uploads\/sites\/102\/sites\/289\/2025\/04\/dac8-1-1024x297.jpeg 1024w, https:\/\/www.ccta.ufpb.br\/dac\/wp-content\/uploads\/sites\/102\/sites\/289\/2025\/04\/dac8-1-300x87.jpeg 300w, https:\/\/www.ccta.ufpb.br\/dac\/wp-content\/uploads\/sites\/102\/sites\/289\/2025\/04\/dac8-1-768x223.jpeg 768w, https:\/\/www.ccta.ufpb.br\/dac\/wp-content\/uploads\/sites\/102\/sites\/289\/2025\/04\/dac8-1-1536x445.jpeg 1536w, https:\/\/www.ccta.ufpb.br\/dac\/wp-content\/uploads\/sites\/102\/sites\/289\/2025\/04\/dac8-1.jpeg 1600w\" sizes=\"auto, (max-width: 1024px) 100vw, 1024px\" \/><\/figure>\n<\/div>","protected":false},"excerpt":{"rendered":"<p>Na arte, na universidade e na vida, respeito n\u00e3o \u00e9 opcional. Empurr\u00f5es, pontap\u00e9s, socos, amea\u00e7as, [&hellip;]<\/p>\n","protected":false},"author":122,"featured_media":5,"comment_status":"closed","ping_status":"","sticky":false,"template":"","format":"standard","meta":{"footnotes":""},"categories":[7],"tags":[],"class_list":["post-756","post","type-post","status-publish","format-standard","has-post-thumbnail","hentry","category-campanha"],"_links":{"self":[{"href":"https:\/\/www.ccta.ufpb.br\/dac\/wp-json\/wp\/v2\/posts\/756","targetHints":{"allow":["GET"]}}],"collection":[{"href":"https:\/\/www.ccta.ufpb.br\/dac\/wp-json\/wp\/v2\/posts"}],"about":[{"href":"https:\/\/www.ccta.ufpb.br\/dac\/wp-json\/wp\/v2\/types\/post"}],"author":[{"embeddable":true,"href":"https:\/\/www.ccta.ufpb.br\/dac\/wp-json\/wp\/v2\/users\/122"}],"replies":[{"embeddable":true,"href":"https:\/\/www.ccta.ufpb.br\/dac\/wp-json\/wp\/v2\/comments?post=756"}],"version-history":[{"count":4,"href":"https:\/\/www.ccta.ufpb.br\/dac\/wp-json\/wp\/v2\/posts\/756\/revisions"}],"predecessor-version":[{"id":763,"href":"https:\/\/www.ccta.ufpb.br\/dac\/wp-json\/wp\/v2\/posts\/756\/revisions\/763"}],"wp:featuredmedia":[{"embeddable":true,"href":"https:\/\/www.ccta.ufpb.br\/dac\/wp-json\/wp\/v2\/media\/5"}],"wp:attachment":[{"href":"https:\/\/www.ccta.ufpb.br\/dac\/wp-json\/wp\/v2\/media?parent=756"}],"wp:term":[{"taxonomy":"category","embeddable":true,"href":"https:\/\/www.ccta.ufpb.br\/dac\/wp-json\/wp\/v2\/categories?post=756"},{"taxonomy":"post_tag","embeddable":true,"href":"https:\/\/www.ccta.ufpb.br\/dac\/wp-json\/wp\/v2\/tags?post=756"}],"curies":[{"name":"wp","href":"https:\/\/api.w.org\/{rel}","templated":true}]}}