{"id":775,"date":"2026-09-03T15:11:47","date_gmt":"2026-09-03T18:11:47","guid":{"rendered":"https:\/\/www.ccta.ufpb.br\/dac\/?p=775"},"modified":"2026-09-03T15:12:44","modified_gmt":"2026-09-03T18:12:44","slug":"tem-mandala-que-quer-dancar","status":"publish","type":"post","link":"https:\/\/www.ccta.ufpb.br\/dac\/evento-do-dac\/tem-mandala-que-quer-dancar\/","title":{"rendered":"Tem mandala que quer dan\u00e7ar"},"content":{"rendered":"\n<p class=\"wp-block-paragraph\">O projeto de extens\u00e3o <strong>Rodas de Cuidados: Perspectivas sens\u00edveis entre a\u00e7\u00f5es art\u00edstico-pedag\u00f3gicas e pr\u00e1ticas do bem viver<\/strong> realiza sua pr\u00f3xima a\u00e7\u00e3o com <strong><a href=\"https:\/\/sigaa.ufpb.br\/sigaa\/public\/extensao\/paginaListaPeriodosInscricoesAtividadesPublico.jsf?aba=p-extensao\">inscri\u00e7\u00f5es gratuitas<\/a><\/strong>.<\/p>\n\n\n\n<p class=\"wp-block-paragraph\">A oficina &#8216;<strong>Tem Mandala Que Quer Dan\u00e7ar<\/strong>&#8216; integra as a\u00e7\u00f5es de extens\u00e3o voltadas ao di\u00e1logo entre pr\u00e1ticas art\u00edstico-pedag\u00f3gicas e modos de cuidado e bem viver.<\/p>\n\n\n\n<p class=\"wp-block-paragraph\"><strong>Christiane R\u00eago<\/strong> ser\u00e1 a facilitadora dessa oficina, a ser realizada no Departamento de Artes C\u00eanicas na segunda semana de setembro de 2026.<\/p>\n\n\n\n<h2 class=\"wp-block-heading\"><div class=\"linha-header\">Como se inscrever?<\/div><\/h2>\n\n\n\n<p class=\"wp-block-paragraph\">As inscri\u00e7\u00f5es s\u00e3o gratuitas e devem ser feitas pelo Sistema Integrado de Gest\u00e3o de Atividades Acad\u00eamicas (SIGAA) da Universidade Federal da Para\u00edba (UFPB):<\/p>\n\n\n\n<p class=\"wp-block-paragraph\"><strong><a href=\"https:\/\/sigaa.ufpb.br\/sigaa\/public\/extensao\/paginaListaPeriodosInscricoesAtividadesPublico.jsf?aba=p-extensao\">Inscreva-se gratuitamente pelo SIGAA<\/a><\/strong><\/p>\n\n\n\n<h2 class=\"wp-block-heading\"><div class=\"linha-header\">Coordena\u00e7\u00e3o<\/div><\/h2>\n\n\n\n<p class=\"wp-block-paragraph\">Coordenadora: Profa. Dra. <strong>B\u00e1rbara Santos<\/strong> &#8211; DAC\/CCTA\/UFPB<br>Coordenadora adjunta: Profa. Dra. <strong>Candice Didonet<\/strong> &#8211; DAC\/CCTA\/UFPB<\/p>\n\n\n\n<h2 class=\"wp-block-heading\"><div class=\"linha-header\">Servi\u00e7o<\/div><\/h2>\n\n\n\n<p class=\"wp-block-paragraph\"><strong>Oficina:<\/strong>\u00a0Tem Mandala Que Quer Dan\u00e7ar<br><strong>Data:<\/strong>\u00a011 de setembro de 2026<br><strong>Hor\u00e1rio:<\/strong>\u00a018h30 \u00e0s 20h30<br><strong>Local:<\/strong>\u00a0Sala 03 \u2013 bloco C (Abacat\u00e3o), Departamento de Artes C\u00eanicas (DAC\/CCTA\/UFPB)<\/p>\n\n\n\n<p class=\"wp-block-paragraph\">Confira outras informa\u00e7\u00f5es da oficina nas imagens a seguir.<\/p>\n\n\n<div class=\"wp-block-image\">\n<figure class=\"aligncenter size-large\"><img loading=\"lazy\" decoding=\"async\" width=\"819\" height=\"1024\" src=\"https:\/\/www.ccta.ufpb.br\/dac\/wp-content\/uploads\/sites\/102\/sites\/289\/2026\/09\/Card-1-Mandala-quer-dancar-819x1024.jpeg\" alt=\"\" class=\"wp-image-776\" srcset=\"https:\/\/www.ccta.ufpb.br\/dac\/wp-content\/uploads\/sites\/102\/sites\/289\/2026\/09\/Card-1-Mandala-quer-dancar-819x1024.jpeg 819w, https:\/\/www.ccta.ufpb.br\/dac\/wp-content\/uploads\/sites\/102\/sites\/289\/2026\/09\/Card-1-Mandala-quer-dancar-240x300.jpeg 240w, https:\/\/www.ccta.ufpb.br\/dac\/wp-content\/uploads\/sites\/102\/sites\/289\/2026\/09\/Card-1-Mandala-quer-dancar-768x960.jpeg 768w, https:\/\/www.ccta.ufpb.br\/dac\/wp-content\/uploads\/sites\/102\/sites\/289\/2026\/09\/Card-1-Mandala-quer-dancar.jpeg 1080w\" sizes=\"auto, (max-width: 819px) 100vw, 819px\" \/><\/figure>\n<\/div>\n\n<div class=\"wp-block-image\">\n<figure class=\"aligncenter size-large\"><img loading=\"lazy\" decoding=\"async\" width=\"819\" height=\"1024\" src=\"https:\/\/www.ccta.ufpb.br\/dac\/wp-content\/uploads\/sites\/102\/sites\/289\/2026\/09\/Card-2-Mandala-quer-dancar-819x1024.jpeg\" alt=\"\" class=\"wp-image-777\" srcset=\"https:\/\/www.ccta.ufpb.br\/dac\/wp-content\/uploads\/sites\/102\/sites\/289\/2026\/09\/Card-2-Mandala-quer-dancar-819x1024.jpeg 819w, https:\/\/www.ccta.ufpb.br\/dac\/wp-content\/uploads\/sites\/102\/sites\/289\/2026\/09\/Card-2-Mandala-quer-dancar-240x300.jpeg 240w, https:\/\/www.ccta.ufpb.br\/dac\/wp-content\/uploads\/sites\/102\/sites\/289\/2026\/09\/Card-2-Mandala-quer-dancar-768x960.jpeg 768w, https:\/\/www.ccta.ufpb.br\/dac\/wp-content\/uploads\/sites\/102\/sites\/289\/2026\/09\/Card-2-Mandala-quer-dancar.jpeg 1024w\" sizes=\"auto, (max-width: 819px) 100vw, 819px\" \/><\/figure>\n<\/div>\n\n<div class=\"wp-block-image\">\n<figure class=\"aligncenter size-large\"><img loading=\"lazy\" decoding=\"async\" width=\"819\" height=\"1024\" src=\"https:\/\/www.ccta.ufpb.br\/dac\/wp-content\/uploads\/sites\/102\/sites\/289\/2026\/09\/Card-3-Mandala-quer-dancar-819x1024.jpeg\" alt=\"\" class=\"wp-image-778\" srcset=\"https:\/\/www.ccta.ufpb.br\/dac\/wp-content\/uploads\/sites\/102\/sites\/289\/2026\/09\/Card-3-Mandala-quer-dancar-819x1024.jpeg 819w, https:\/\/www.ccta.ufpb.br\/dac\/wp-content\/uploads\/sites\/102\/sites\/289\/2026\/09\/Card-3-Mandala-quer-dancar-240x300.jpeg 240w, https:\/\/www.ccta.ufpb.br\/dac\/wp-content\/uploads\/sites\/102\/sites\/289\/2026\/09\/Card-3-Mandala-quer-dancar-768x960.jpeg 768w, https:\/\/www.ccta.ufpb.br\/dac\/wp-content\/uploads\/sites\/102\/sites\/289\/2026\/09\/Card-3-Mandala-quer-dancar.jpeg 1024w\" sizes=\"auto, (max-width: 819px) 100vw, 819px\" \/><\/figure>\n<\/div>\n\n\n<figure class=\"wp-block-image size-large\"><img loading=\"lazy\" decoding=\"async\" width=\"1024\" height=\"297\" src=\"http:\/\/www.ccta.ufpb.br\/dac\/wp-content\/uploads\/sites\/102\/sites\/289\/2025\/04\/dac8-1-1024x297.jpeg\" alt=\"\" class=\"wp-image-23\" srcset=\"https:\/\/www.ccta.ufpb.br\/dac\/wp-content\/uploads\/sites\/102\/sites\/289\/2025\/04\/dac8-1-1024x297.jpeg 1024w, https:\/\/www.ccta.ufpb.br\/dac\/wp-content\/uploads\/sites\/102\/sites\/289\/2025\/04\/dac8-1-300x87.jpeg 300w, https:\/\/www.ccta.ufpb.br\/dac\/wp-content\/uploads\/sites\/102\/sites\/289\/2025\/04\/dac8-1-768x223.jpeg 768w, https:\/\/www.ccta.ufpb.br\/dac\/wp-content\/uploads\/sites\/102\/sites\/289\/2025\/04\/dac8-1-1536x445.jpeg 1536w, https:\/\/www.ccta.ufpb.br\/dac\/wp-content\/uploads\/sites\/102\/sites\/289\/2025\/04\/dac8-1.jpeg 1600w\" sizes=\"auto, (max-width: 1024px) 100vw, 1024px\" \/><\/figure>\n","protected":false},"excerpt":{"rendered":"<p>O projeto de extens\u00e3o Rodas de Cuidados: Perspectivas sens\u00edveis entre a\u00e7\u00f5es art\u00edstico-pedag\u00f3gicas e pr\u00e1ticas do [&hellip;]<\/p>\n","protected":false},"author":122,"featured_media":776,"comment_status":"closed","ping_status":"","sticky":false,"template":"","format":"standard","meta":{"footnotes":""},"categories":[3],"tags":[],"class_list":["post-775","post","type-post","status-publish","format-standard","has-post-thumbnail","hentry","category-evento-do-dac"],"_links":{"self":[{"href":"https:\/\/www.ccta.ufpb.br\/dac\/wp-json\/wp\/v2\/posts\/775","targetHints":{"allow":["GET"]}}],"collection":[{"href":"https:\/\/www.ccta.ufpb.br\/dac\/wp-json\/wp\/v2\/posts"}],"about":[{"href":"https:\/\/www.ccta.ufpb.br\/dac\/wp-json\/wp\/v2\/types\/post"}],"author":[{"embeddable":true,"href":"https:\/\/www.ccta.ufpb.br\/dac\/wp-json\/wp\/v2\/users\/122"}],"replies":[{"embeddable":true,"href":"https:\/\/www.ccta.ufpb.br\/dac\/wp-json\/wp\/v2\/comments?post=775"}],"version-history":[{"count":3,"href":"https:\/\/www.ccta.ufpb.br\/dac\/wp-json\/wp\/v2\/posts\/775\/revisions"}],"predecessor-version":[{"id":781,"href":"https:\/\/www.ccta.ufpb.br\/dac\/wp-json\/wp\/v2\/posts\/775\/revisions\/781"}],"wp:featuredmedia":[{"embeddable":true,"href":"https:\/\/www.ccta.ufpb.br\/dac\/wp-json\/wp\/v2\/media\/776"}],"wp:attachment":[{"href":"https:\/\/www.ccta.ufpb.br\/dac\/wp-json\/wp\/v2\/media?parent=775"}],"wp:term":[{"taxonomy":"category","embeddable":true,"href":"https:\/\/www.ccta.ufpb.br\/dac\/wp-json\/wp\/v2\/categories?post=775"},{"taxonomy":"post_tag","embeddable":true,"href":"https:\/\/www.ccta.ufpb.br\/dac\/wp-json\/wp\/v2\/tags?post=775"}],"curies":[{"name":"wp","href":"https:\/\/api.w.org\/{rel}","templated":true}]}}