{"id":260,"date":"2026-04-24T20:18:51","date_gmt":"2026-04-24T23:18:51","guid":{"rendered":"https:\/\/www.ccta.ufpb.br\/demus\/?p=260"},"modified":"2026-04-24T20:18:51","modified_gmt":"2026-04-24T23:18:51","slug":"notificacao-concurso-musicoterapia","status":"publish","type":"post","link":"https:\/\/www.ccta.ufpb.br\/demus\/uncategorized\/notificacao-concurso-musicoterapia\/","title":{"rendered":"NOTIFICA\u00c7\u00c3O CONCURSO MUSICOTERAPIA"},"content":{"rendered":"\n<div data-wp-interactive=\"core\/file\" class=\"wp-block-file\"><object data-wp-bind--hidden=\"!state.hasPdfPreview\" hidden class=\"wp-block-file__embed\" data=\"https:\/\/www.ccta.ufpb.br\/demus\/wp-content\/uploads\/sites\/102\/sites\/261\/2026\/04\/Memo-Resultado-Prova-didatica-Musicoterapia-reconsideracao.pdf\" type=\"application\/pdf\" style=\"width:100%;height:600px\" aria-label=\"Incorporado de Memo Resultado Prova did\u00e1tica Musicoterapia reconsidera\u00e7\u00e3o.\"><\/object><a id=\"wp-block-file--media-bcbb5b9d-f469-49f9-ae28-1136be740390\" href=\"https:\/\/www.ccta.ufpb.br\/demus\/wp-content\/uploads\/sites\/102\/sites\/261\/2026\/04\/Memo-Resultado-Prova-didatica-Musicoterapia-reconsideracao.pdf\">Memo Resultado Prova did\u00e1tica Musicoterapia reconsidera\u00e7\u00e3o<\/a><a href=\"https:\/\/www.ccta.ufpb.br\/demus\/wp-content\/uploads\/sites\/102\/sites\/261\/2026\/04\/Memo-Resultado-Prova-didatica-Musicoterapia-reconsideracao.pdf\" class=\"wp-block-file__button wp-element-button\" download aria-describedby=\"wp-block-file--media-bcbb5b9d-f469-49f9-ae28-1136be740390\">Baixar<\/a><\/div>\n","protected":false},"excerpt":{"rendered":"","protected":false},"author":511,"featured_media":242,"comment_status":"closed","ping_status":"open","sticky":false,"template":"","format":"standard","meta":{"footnotes":""},"categories":[1],"tags":[],"class_list":["post-260","post","type-post","status-publish","format-standard","has-post-thumbnail","hentry","category-uncategorized"],"_links":{"self":[{"href":"https:\/\/www.ccta.ufpb.br\/demus\/wp-json\/wp\/v2\/posts\/260","targetHints":{"allow":["GET"]}}],"collection":[{"href":"https:\/\/www.ccta.ufpb.br\/demus\/wp-json\/wp\/v2\/posts"}],"about":[{"href":"https:\/\/www.ccta.ufpb.br\/demus\/wp-json\/wp\/v2\/types\/post"}],"author":[{"embeddable":true,"href":"https:\/\/www.ccta.ufpb.br\/demus\/wp-json\/wp\/v2\/users\/511"}],"replies":[{"embeddable":true,"href":"https:\/\/www.ccta.ufpb.br\/demus\/wp-json\/wp\/v2\/comments?post=260"}],"version-history":[{"count":1,"href":"https:\/\/www.ccta.ufpb.br\/demus\/wp-json\/wp\/v2\/posts\/260\/revisions"}],"predecessor-version":[{"id":262,"href":"https:\/\/www.ccta.ufpb.br\/demus\/wp-json\/wp\/v2\/posts\/260\/revisions\/262"}],"wp:featuredmedia":[{"embeddable":true,"href":"https:\/\/www.ccta.ufpb.br\/demus\/wp-json\/wp\/v2\/media\/242"}],"wp:attachment":[{"href":"https:\/\/www.ccta.ufpb.br\/demus\/wp-json\/wp\/v2\/media?parent=260"}],"wp:term":[{"taxonomy":"category","embeddable":true,"href":"https:\/\/www.ccta.ufpb.br\/demus\/wp-json\/wp\/v2\/categories?post=260"},{"taxonomy":"post_tag","embeddable":true,"href":"https:\/\/www.ccta.ufpb.br\/demus\/wp-json\/wp\/v2\/tags?post=260"}],"curies":[{"name":"wp","href":"https:\/\/api.w.org\/{rel}","templated":true}]}}