{"id":346,"date":"2026-02-03T13:40:42","date_gmt":"2026-02-03T16:40:42","guid":{"rendered":"https:\/\/www.ccta.ufpb.br\/lamusi\/?p=346"},"modified":"2026-02-03T13:43:03","modified_gmt":"2026-02-03T16:43:03","slug":"lamusi-divulga-os-grupos-contemplados-para-ter-pauta-fixa-na-sala-radegundis-feitosa-em-2026","status":"publish","type":"post","link":"https:\/\/www.ccta.ufpb.br\/lamusi\/institucional\/lamusi-divulga-os-grupos-contemplados-para-ter-pauta-fixa-na-sala-radegundis-feitosa-em-2026\/","title":{"rendered":"Lamusi divulga os grupos contemplados para ter pauta fixa na Sala Radegundis Feitosa em 2026"},"content":{"rendered":"\n<p class=\"has-medium-font-size\">O Laborat\u00f3rio de M\u00fasica Aplicada (LAMUSI) torna p\u00fablico o resultado do Edital n\u00ba 001\/2026, que versa sobre a sele\u00e7\u00e3o de grupos musicais que ter\u00e3o pauta fixa na Sala de Concertos Radegundis Feitosa, no ano de 2026.<\/p>\n\n\n\n<p class=\"has-medium-font-size\">Conforme delibera\u00e7\u00e3o do Conselho do LAMUSI, foram selecionados os seguintes grupos e respectivos hor\u00e1rios:<\/p>\n\n\n\n<ul class=\"wp-block-list\">\n<li class=\"has-medium-font-size\"><strong>Banda Sinf\u00f4nica Jos\u00e9 Siqueira<\/strong> \u2013 segundas-feiras, das 18h \u00e0s 19h30;<\/li>\n\n\n\n<li class=\"has-medium-font-size\"><strong>Pequena Orquestra Popular<\/strong> \u2013 segundas-feiras, 20h \u00e0s 21h30;<\/li>\n\n\n\n<li class=\"has-medium-font-size\"><strong>Rubac\u00e3o Jazz<\/strong> \u2013 ter\u00e7as-feiras, das 19h30 \u00e0s 21h30.<\/li>\n\n\n\n<li class=\"has-medium-font-size\"><strong>Quinteto Brassil<\/strong> \u2013 ter\u00e7as-feiras, das 15h \u00e0s 17h.<\/li>\n<\/ul>\n\n\n\n<p>                                          <\/p>\n\n\n\n<p>                                                          Jo\u00e3o Pessoa, 03 de fevereiro de 2026.<\/p>\n\n\n\n<p>                                               Conselho Deliberativo do LAMUSI \u2013 CCTA\/UFPB<\/p>\n\n\n\n<p><\/p>\n","protected":false},"excerpt":{"rendered":"<p>O Laborat\u00f3rio de M\u00fasica Aplicada (LAMUSI) torna p\u00fablico o resultado do Edital n\u00ba 001\/2026, que [&hellip;]<\/p>\n","protected":false},"author":493,"featured_media":349,"comment_status":"closed","ping_status":"closed","sticky":false,"template":"","format":"standard","meta":{"footnotes":""},"categories":[3],"tags":[],"class_list":["post-346","post","type-post","status-publish","format-standard","has-post-thumbnail","hentry","category-institucional"],"_links":{"self":[{"href":"https:\/\/www.ccta.ufpb.br\/lamusi\/wp-json\/wp\/v2\/posts\/346","targetHints":{"allow":["GET"]}}],"collection":[{"href":"https:\/\/www.ccta.ufpb.br\/lamusi\/wp-json\/wp\/v2\/posts"}],"about":[{"href":"https:\/\/www.ccta.ufpb.br\/lamusi\/wp-json\/wp\/v2\/types\/post"}],"author":[{"embeddable":true,"href":"https:\/\/www.ccta.ufpb.br\/lamusi\/wp-json\/wp\/v2\/users\/493"}],"replies":[{"embeddable":true,"href":"https:\/\/www.ccta.ufpb.br\/lamusi\/wp-json\/wp\/v2\/comments?post=346"}],"version-history":[{"count":3,"href":"https:\/\/www.ccta.ufpb.br\/lamusi\/wp-json\/wp\/v2\/posts\/346\/revisions"}],"predecessor-version":[{"id":351,"href":"https:\/\/www.ccta.ufpb.br\/lamusi\/wp-json\/wp\/v2\/posts\/346\/revisions\/351"}],"wp:featuredmedia":[{"embeddable":true,"href":"https:\/\/www.ccta.ufpb.br\/lamusi\/wp-json\/wp\/v2\/media\/349"}],"wp:attachment":[{"href":"https:\/\/www.ccta.ufpb.br\/lamusi\/wp-json\/wp\/v2\/media?parent=346"}],"wp:term":[{"taxonomy":"category","embeddable":true,"href":"https:\/\/www.ccta.ufpb.br\/lamusi\/wp-json\/wp\/v2\/categories?post=346"},{"taxonomy":"post_tag","embeddable":true,"href":"https:\/\/www.ccta.ufpb.br\/lamusi\/wp-json\/wp\/v2\/tags?post=346"}],"curies":[{"name":"wp","href":"https:\/\/api.w.org\/{rel}","templated":true}]}}