{"id":382,"date":"2023-07-28T10:14:00","date_gmt":"2023-07-28T13:14:00","guid":{"rendered":"https:\/\/www.ccta.ufpb.br\/lamusi\/?p=382"},"modified":"2026-02-04T10:33:44","modified_gmt":"2026-02-04T13:33:44","slug":"osufpb-faz-concerto-com-daniel-pina","status":"publish","type":"post","link":"https:\/\/www.ccta.ufpb.br\/lamusi\/concertos\/osufpb-faz-concerto-com-daniel-pina\/","title":{"rendered":"OSUFPB faz concerto com Daniel Pina"},"content":{"rendered":"\n<p class=\"has-medium-font-size wp-block-paragraph\"><strong><em>M\u00fasico se despede da Para\u00edba com show que traz convidados especiais<\/em><\/strong><\/p>\n\n\n\n<p class=\"wp-block-paragraph\">O cantor e compositor paraibano Daniel Pina \u00e9 o convidado da OSUFPB para o concerto desta sexta-feira, dia 28, \u00e0s 20h00, que ser\u00e1 realizado na Sala de Concertos Radegundis Feitosa, no Campus I da UFPB. A entrada \u00e9 gratuita e por ordem de chegada.<\/p>\n\n\n\n<p class=\"wp-block-paragraph\">Daniel Pina, que tamb\u00e9m \u00e9 m\u00fasico da Orquestra, ter\u00e1 suas composi\u00e7\u00f5es acompanhadas por esse primoroso grupo orquestral, fazendo soar os arranjos dos tamb\u00e9m m\u00fasicos e compositores paraibanos S\u00e9rgio Gallo, Xisto Medeiros, Tom Drummond, Victor Mesquita e dos irm\u00e3os Uan\u00e1 e Rud\u00e1 Barreto. Neste concerto, o contrabaixista se despede da OSUFPB para viver uma temporada de quatro anos nos Estados Unidos, onde vai cursar seu doutorado em m\u00fasica.<\/p>\n\n\n\n<p class=\"wp-block-paragraph\">Como sempre costuma fazer, Daniel Pina convida para este concerto outros artistas com quem tem intimidade no seu fazer art\u00edstico, como \u00e9 o caso de Andr\u00e9 Rodrigues, Victor Mesquita, Lukete, Matheus Pimenta, o grupo As Calungas, al\u00e9m, claro, da cantora Maria Kamila, que \u00e9 sua companheira de vida e que o acompanhar\u00e1 em sua estada no pa\u00eds norteamericano.<\/p>\n\n\n\n<p class=\"wp-block-paragraph\">Al\u00e9m de tocar e cantar suas pr\u00f3prias can\u00e7\u00f5es, cuja repercuss\u00e3o j\u00e1 fez com que o compositor contabilizasse milhares de seguidores em suas redes sociais, Pina tamb\u00e9m traz para o show obras de amigos como o violinista Rucker Bezerra, com uma composi\u00e7\u00e3o instrumental intitulada \u201cLuz\u201d, al\u00e9m de \u201cCandeeiro D\u2019\u00e1gua\u201d, dos compositores Abdias S\u00e1 e Danylo Aguiar, da can\u00e7\u00e3o \u201cTu Soi\u201d, de Lukete, com quem tem parceria nas m\u00fasicas \u201cSempre \u00e9 Cedo para o Sempre\u201d e \u201cBeijo Caf\u00e9\u201d. O compositor toca ainda, acompanhado apenas de seu viol\u00e3o, a can\u00e7\u00e3o \u201cLeve e Suave\u201d, do compositor pernambucano Lenine.<\/p>\n\n\n\n<p class=\"wp-block-paragraph\"><strong>Garanta sua vaga<\/strong><\/p>\n\n\n\n<p class=\"wp-block-paragraph\">A coordena\u00e7\u00e3o do Lamusi, que administra a Sala Radegundis Feitosa, recomenda que o p\u00fablico chegue com pelo menos meia hora de anteced\u00eancia, pois, uma vez alcan\u00e7ada a lota\u00e7\u00e3o da sala, que \u00e9 de trezentas pessoas, n\u00e3o ser\u00e1 permitida a entrada de mais ningu\u00e9m por quest\u00e3o de seguran\u00e7a. Depois da sala cheia, com todos devidamente acomodados, a porta ser\u00e1 fechada, s\u00f3 permitindo a entrada caso algu\u00e9m saia antes do final do concerto.&nbsp;<\/p>\n\n\n\n<p class=\"wp-block-paragraph\"><strong>A OSUFPB<\/strong><\/p>\n\n\n\n<p class=\"wp-block-paragraph\">&nbsp;&nbsp;&nbsp;&nbsp;&nbsp;&nbsp;&nbsp;&nbsp;&nbsp;&nbsp;A OSUFPB \u00e9 um equipamento cultural da UFPB pertencente ao Centro de Comunica\u00e7\u00e3o, Turismo e Artes e ligado aos Departamentos de M\u00fasica e Educa\u00e7\u00e3o Musical da institui\u00e7\u00e3o. A Orquestra tem finalidades pedag\u00f3gicas que envolvem professores e alunos da UFPB, al\u00e9m de contribuir para a forma\u00e7\u00e3o de plateia para o p\u00fablico pessoense. Atualmente conta vinte e um m\u00fasicos fixos \u2013 todos de cordas &#8211; e com a participa\u00e7\u00e3o eventual de professores e alunos dos cursos de m\u00fasica da UFPB, al\u00e9m de colaboradores volunt\u00e1rios da cena sinf\u00f4nica paraibana.<\/p>\n\n\n\n<div data-wp-interactive=\"core\/file\" class=\"wp-block-file\"><object data-wp-bind--hidden=\"!state.hasPdfPreview\" hidden class=\"wp-block-file__embed\" data=\"https:\/\/www.ccta.ufpb.br\/lamusi\/wp-content\/uploads\/sites\/102\/sites\/426\/2026\/02\/OSUFPB-Programa-PINA-28.07.pdf\" type=\"application\/pdf\" style=\"width:100%;height:600px\" aria-label=\"Incorporado de OSUFPB - Programa PINA - 28.07.\"><\/object><a id=\"wp-block-file--media-63877291-4601-4edb-a2ec-2607caa15973\" href=\"https:\/\/www.ccta.ufpb.br\/lamusi\/wp-content\/uploads\/sites\/102\/sites\/426\/2026\/02\/OSUFPB-Programa-PINA-28.07.pdf\">OSUFPB &#8211; Programa PINA &#8211; 28.07<\/a><a href=\"https:\/\/www.ccta.ufpb.br\/lamusi\/wp-content\/uploads\/sites\/102\/sites\/426\/2026\/02\/OSUFPB-Programa-PINA-28.07.pdf\" class=\"wp-block-file__button wp-element-button\" download aria-describedby=\"wp-block-file--media-63877291-4601-4edb-a2ec-2607caa15973\">Baixar<\/a><\/div>\n","protected":false},"excerpt":{"rendered":"<p>M\u00fasico se despede da Para\u00edba com show que traz convidados especiais O cantor e compositor [&hellip;]<\/p>\n","protected":false},"author":493,"featured_media":384,"comment_status":"closed","ping_status":"","sticky":false,"template":"","format":"standard","meta":{"footnotes":""},"categories":[5],"tags":[],"class_list":["post-382","post","type-post","status-publish","format-standard","has-post-thumbnail","hentry","category-concertos"],"_links":{"self":[{"href":"https:\/\/www.ccta.ufpb.br\/lamusi\/wp-json\/wp\/v2\/posts\/382","targetHints":{"allow":["GET"]}}],"collection":[{"href":"https:\/\/www.ccta.ufpb.br\/lamusi\/wp-json\/wp\/v2\/posts"}],"about":[{"href":"https:\/\/www.ccta.ufpb.br\/lamusi\/wp-json\/wp\/v2\/types\/post"}],"author":[{"embeddable":true,"href":"https:\/\/www.ccta.ufpb.br\/lamusi\/wp-json\/wp\/v2\/users\/493"}],"replies":[{"embeddable":true,"href":"https:\/\/www.ccta.ufpb.br\/lamusi\/wp-json\/wp\/v2\/comments?post=382"}],"version-history":[{"count":1,"href":"https:\/\/www.ccta.ufpb.br\/lamusi\/wp-json\/wp\/v2\/posts\/382\/revisions"}],"predecessor-version":[{"id":386,"href":"https:\/\/www.ccta.ufpb.br\/lamusi\/wp-json\/wp\/v2\/posts\/382\/revisions\/386"}],"wp:featuredmedia":[{"embeddable":true,"href":"https:\/\/www.ccta.ufpb.br\/lamusi\/wp-json\/wp\/v2\/media\/384"}],"wp:attachment":[{"href":"https:\/\/www.ccta.ufpb.br\/lamusi\/wp-json\/wp\/v2\/media?parent=382"}],"wp:term":[{"taxonomy":"category","embeddable":true,"href":"https:\/\/www.ccta.ufpb.br\/lamusi\/wp-json\/wp\/v2\/categories?post=382"},{"taxonomy":"post_tag","embeddable":true,"href":"https:\/\/www.ccta.ufpb.br\/lamusi\/wp-json\/wp\/v2\/tags?post=382"}],"curies":[{"name":"wp","href":"https:\/\/api.w.org\/{rel}","templated":true}]}}