{"id":432,"date":"2023-03-03T15:53:00","date_gmt":"2023-03-03T18:53:00","guid":{"rendered":"https:\/\/www.ccta.ufpb.br\/lamusi\/?p=432"},"modified":"2026-02-04T16:03:32","modified_gmt":"2026-02-04T19:03:32","slug":"compositores-do-compomus-terao-obras-executadas-pela-osufpb","status":"publish","type":"post","link":"https:\/\/www.ccta.ufpb.br\/lamusi\/concertos\/compositores-do-compomus-terao-obras-executadas-pela-osufpb\/","title":{"rendered":"Compositores do COMPOMUS ter\u00e3o obras executadas pela OSUFPB"},"content":{"rendered":"\n<p class=\"has-medium-font-size wp-block-paragraph\"><strong><em>Concerto contemplar\u00e1 seis compositores do Laborat\u00f3rio de Composi\u00e7\u00e3o Musical da UFPB<\/em><\/strong><\/p>\n\n\n\n<p class=\"wp-block-paragraph\">A OSUFPB apresenta, nesta sexta-feira,\u00a031 de mar\u00e7o, mais um concerto com obras compostas pelos compositores do Laborat\u00f3rio de Composi\u00e7\u00e3o Musical da UFPB &#8211; COMPOMUS. Ao todo, seis compositores ser\u00e3o contemplados, mostrando a diversidade criativa do fazer musical no ensino e pesquisa da m\u00fasica na UFPB. O evento acontece, como de costume, na Sala Radegundis Feitosa, que fica no Campus I da institui\u00e7\u00e3o. Come\u00e7a pontualmente \u00e0s 20:00h, com entrada gratuita garantida por ordem de chegada.<\/p>\n\n\n\n<p class=\"wp-block-paragraph\">A recomenda\u00e7\u00e3o \u00e9 que o p\u00fablico chegue pelo menos meia hora antes do in\u00edcio do concerto, n\u00e3o s\u00f3 para garantir um bom lugar na plateia, mas tamb\u00e9m para n\u00e3o perder o evento, visto que os concertos da OSUFPB t\u00eam lotado a Sala Radegundis Feitosa, que possui apenas trezentos lugares. A dire\u00e7\u00e3o do evento deixa claro que, uma vez lotada, a entrada ser\u00e1 fechada, impedindo a entrada dos que chegarem depois.&nbsp;<\/p>\n\n\n\n<p class=\"wp-block-paragraph\"><strong>O CONCERTO<\/strong><\/p>\n\n\n\n<p class=\"wp-block-paragraph\">Mais uma vez, a Orquestra Sinf\u00f4nica da UFPB cumpre o papel de contemplar obras dos compositores do COMPOMUS, o Laborat\u00f3rio de Composi\u00e7\u00e3o Musical da UFPB, que \u00e9 ligado ao ensino de m\u00fasica da institui\u00e7\u00e3o, nos \u00e2mbitos da gradua\u00e7\u00e3o e p\u00f3s-gradua\u00e7\u00e3o. Este laborat\u00f3rio<\/p>\n\n\n\n<p class=\"wp-block-paragraph\">No repert\u00f3rio, obras dos compositores Arimat\u00e9ia de Melo, K\u00e1led Fernandes, Gonzo Bass, Rodrigo Bittencourt, Walter Yanko e Ticiano Rocha.&nbsp; O concerto ser\u00e1 regido pelo compositor Marc\u00edlio Onofre e contar\u00e1 tamb\u00e9m com a reg\u00eancia de Jos\u00e9 Renato Almeida como maestro convidado na pe\u00e7a \u201cMarcha dos Imperfeitos\u201d, do compositor Walter Yanko. Haver\u00e1 ainda a participa\u00e7\u00e3o do violista Ulisses Silva e do eufonista Rafhael do Euf\u00f4nio, ambos como solistas.<\/p>\n\n\n\n<p class=\"wp-block-paragraph\">Ao assistir a este concerto, \u00e9 poss\u00edvel ter contato com uma grande diversidade de express\u00f5es que s\u00e3o fruto de pesquisa dos membros do COMPOMUS, com flagrante di\u00e1logo com a modernidade.<\/p>\n\n\n\n<p class=\"wp-block-paragraph\"><strong>O COMPOMUS<\/strong><\/p>\n\n\n\n<p class=\"wp-block-paragraph\">O Laborat\u00f3rio de Composi\u00e7\u00e3o Musical da UFPB \u00e9 sediado no Departamento de M\u00fasica, subordinado ao Centro de Comunica\u00e7\u00e3o, turismo e Artes&nbsp; da UFPB, e tem a finalidade de promover a pesquisa, o fomento \u00e0 cria\u00e7\u00e3o musical e a forma\u00e7\u00e3o de acervo de obras de compositores paraibanos, al\u00e9m de cumprir outros intentos que servem aos movimentos est\u00e9ticos da contemporaneidade. O COMPOMUS busca tamb\u00e9m o interc\u00e2mbio com outros centros de pesquisa em m\u00fasica do Pa\u00eds e do exterior, com o envolvimento de profissionais e estudantes da m\u00fasica e de outras \u00e1reas afins.&nbsp;<\/p>\n\n\n\n<p class=\"wp-block-paragraph\"><strong>&nbsp;A OSUFPB<\/strong><\/p>\n\n\n\n<p class=\"wp-block-paragraph\">A OSUFPB \u00e9 um equipamento cultural da UFPB pertencente ao Centro de Comunica\u00e7\u00e3o, Turismo e Artes e ligado aos Departamentos de M\u00fasica e Educa\u00e7\u00e3o Musical da institui\u00e7\u00e3o. A Orquestra tem finalidades pedag\u00f3gicas que envolvem professores e alunos da UFPB, al\u00e9m de contribuir para a forma\u00e7\u00e3o de plateia para o p\u00fablico pessoense. Atualmente conta vinte e um m\u00fasicos fixos \u2013 todos de cordas &#8211; e com a participa\u00e7\u00e3o eventual de professores e alunos dos cursos de m\u00fasica da UFPB, al\u00e9m de colaboradores volunt\u00e1rios da cena sinf\u00f4nica paraibana.<\/p>\n\n\n\n<div data-wp-interactive=\"core\/file\" class=\"wp-block-file\"><object data-wp-bind--hidden=\"!state.hasPdfPreview\" hidden class=\"wp-block-file__embed\" data=\"https:\/\/www.ccta.ufpb.br\/lamusi\/wp-content\/uploads\/sites\/102\/sites\/426\/2026\/02\/programa-osufpb-compomus-31-03.23-1.pdf\" type=\"application\/pdf\" style=\"width:100%;height:600px\" aria-label=\"Incorporado de programa-osufpb-compomus - 31-03.23.\"><\/object><a id=\"wp-block-file--media-a1104bfa-6550-4aad-8dab-a010bd599a01\" href=\"https:\/\/www.ccta.ufpb.br\/lamusi\/wp-content\/uploads\/sites\/102\/sites\/426\/2026\/02\/programa-osufpb-compomus-31-03.23-1.pdf\">programa-osufpb-compomus &#8211; 31-03.23<\/a><a href=\"https:\/\/www.ccta.ufpb.br\/lamusi\/wp-content\/uploads\/sites\/102\/sites\/426\/2026\/02\/programa-osufpb-compomus-31-03.23-1.pdf\" class=\"wp-block-file__button wp-element-button\" download aria-describedby=\"wp-block-file--media-a1104bfa-6550-4aad-8dab-a010bd599a01\">Baixar<\/a><\/div>\n","protected":false},"excerpt":{"rendered":"<p>Concerto contemplar\u00e1 seis compositores do Laborat\u00f3rio de Composi\u00e7\u00e3o Musical da UFPB A OSUFPB apresenta, nesta [&hellip;]<\/p>\n","protected":false},"author":493,"featured_media":434,"comment_status":"closed","ping_status":"","sticky":false,"template":"","format":"standard","meta":{"footnotes":""},"categories":[5],"tags":[],"class_list":["post-432","post","type-post","status-publish","format-standard","has-post-thumbnail","hentry","category-concertos"],"_links":{"self":[{"href":"https:\/\/www.ccta.ufpb.br\/lamusi\/wp-json\/wp\/v2\/posts\/432","targetHints":{"allow":["GET"]}}],"collection":[{"href":"https:\/\/www.ccta.ufpb.br\/lamusi\/wp-json\/wp\/v2\/posts"}],"about":[{"href":"https:\/\/www.ccta.ufpb.br\/lamusi\/wp-json\/wp\/v2\/types\/post"}],"author":[{"embeddable":true,"href":"https:\/\/www.ccta.ufpb.br\/lamusi\/wp-json\/wp\/v2\/users\/493"}],"replies":[{"embeddable":true,"href":"https:\/\/www.ccta.ufpb.br\/lamusi\/wp-json\/wp\/v2\/comments?post=432"}],"version-history":[{"count":1,"href":"https:\/\/www.ccta.ufpb.br\/lamusi\/wp-json\/wp\/v2\/posts\/432\/revisions"}],"predecessor-version":[{"id":436,"href":"https:\/\/www.ccta.ufpb.br\/lamusi\/wp-json\/wp\/v2\/posts\/432\/revisions\/436"}],"wp:featuredmedia":[{"embeddable":true,"href":"https:\/\/www.ccta.ufpb.br\/lamusi\/wp-json\/wp\/v2\/media\/434"}],"wp:attachment":[{"href":"https:\/\/www.ccta.ufpb.br\/lamusi\/wp-json\/wp\/v2\/media?parent=432"}],"wp:term":[{"taxonomy":"category","embeddable":true,"href":"https:\/\/www.ccta.ufpb.br\/lamusi\/wp-json\/wp\/v2\/categories?post=432"},{"taxonomy":"post_tag","embeddable":true,"href":"https:\/\/www.ccta.ufpb.br\/lamusi\/wp-json\/wp\/v2\/tags?post=432"}],"curies":[{"name":"wp","href":"https:\/\/api.w.org\/{rel}","templated":true}]}}