{"id":618,"date":"2026-02-10T09:38:41","date_gmt":"2026-02-10T12:38:41","guid":{"rendered":"https:\/\/www.ccta.ufpb.br\/lamusi\/?p=618"},"modified":"2026-02-12T09:08:15","modified_gmt":"2026-02-12T12:08:15","slug":"osufpb-e-a-5-de-agosto-big-band-se-juntam-para-fazer-concerto-de-carnaval","status":"publish","type":"post","link":"https:\/\/www.ccta.ufpb.br\/lamusi\/concertos\/osufpb-e-a-5-de-agosto-big-band-se-juntam-para-fazer-concerto-de-carnaval\/","title":{"rendered":"OSUFPB\u00a0 e a 5 de Agosto Big Band se juntam para fazer Concerto de Carnaval"},"content":{"rendered":"\n<p class=\"has-medium-font-size\"><strong><em>O evento marca a abertura da temporada de 2026 da OSUFPB<\/em><\/strong><\/p>\n\n\n\n<p>Mais uma vez a OSUFPB abre sua temporada numa exalta\u00e7\u00e3o a Momo. O evento, que se chama \u201cFrevo em Concerto\u201d, ser\u00e1 realizado nesta quinta-feira, 12 de fevereiro, \u00e0s 19h00, no Theatro Santa Roza, ou seja, em dia, hora e local diferentes do habitual. Assim, a Orquestra da UFPB se junta com a 5 de Agosto Big Band, sob a reg\u00eancia e dire\u00e7\u00e3o art\u00edstica dos maestros Carlos An\u00edsio e Rog\u00e9rio Borges,  para fazer o seu tradicional Concerto de Carnaval. Com repert\u00f3rio criteriosamente escolhido, o p\u00fablico poder\u00e1 vibrar com a melhor energia das festividades momescas, entre metais e cordas, percuss\u00e3o e belas vozes. A entrada \u00e9 gratuita e rigorosamente por ordem de chegada at\u00e9 o limite da ocupa\u00e7\u00e3o de todas as cadeiras do teatro. <strong>Ser\u00e3o distribu\u00eddas senhas a partir das 17h45 na bilheteria do teatro e as portas estar\u00e3o abertas \u00e0s 18h30<\/strong>.<\/p>\n\n\n\n<p><strong>Garanta sua cadeira<\/strong><\/p>\n\n\n\n<p>A administra\u00e7\u00e3o da OSUFPB orienta o p\u00fablico a chegar cedo para garantir seu lugar, uma vez que n\u00e3o poder\u00e1 entrar mais ningu\u00e9m depois que o Theatro Santa Roza estiver com todas as suas cadeiras ocupadas. Ent\u00e3o \u00e9 importante que chegue cedo para pegar a sua senha que dar\u00e1 direito \u00e0 entrada.<\/p>\n\n\n\n<p><strong>Parcerias que traduzem folia<\/strong><\/p>\n\n\n\n<p>Para este concerto, a OSUFPB convidou mais uma vez a 5 de Agosto Big Band, que \u00e9 uma forma\u00e7\u00e3o especial composta a partir da Banda de M\u00fasica da Prefeitura Municipal de Jo\u00e3o Pessoa.&nbsp;<\/p>\n\n\n\n<p>O resultado da uni\u00e3o desses dois grupos d\u00e1 ao concerto uma sonoridade que far\u00e1 soar, de forma muito especial, as can\u00e7\u00f5es tradicionais de nosso carnaval nordestino. A jun\u00e7\u00e3o dos sopros da Big Band com as cordas da OSUFPB traduzem o conceito sinf\u00f4nico desejado. Para m\u00fasicas instrumentais, o concerto contar\u00e1 com os solistas Eduardo Lima e Talles Ian, ambos no clarinete.<\/p>\n\n\n\n<p><strong>Can\u00e7\u00f5es que encantam<\/strong><\/p>\n\n\n\n<p>O repert\u00f3rio preza por emblem\u00e1ticas can\u00e7\u00f5es que fazem a hist\u00f3ria do nosso carnaval, contemplando compositores como Maestro Duda, Dimas Sed\u00edcias, Maestro Nunes, Luiz Gonzaga, J. Michaelis, Maestro Sen\u00f4, Alceu Valen\u00e7a, Caetano Veloso, Capiba, Z\u00e9 Ramalho, al\u00e9m do pr\u00f3prio maestro Rog\u00e9rio Borges, que rege a 5 de Agosto Big Band e que, neste concerto, divide este of\u00edcio de reg\u00eancia com o maestro Carlos An\u00edsio, que ficar\u00e1 \u00e0 frente da OSUFPB.<\/p>\n\n\n\n<p><strong>As vozes que far\u00e3o a folia<\/strong><\/p>\n\n\n\n<p>Para animar o p\u00fablico neste grito de carnaval, as can\u00e7\u00f5es ser\u00e3o interpretadas pelos privilegiados timbres das vozes de Ricardo Ribeiro,&nbsp; Lula Marinho e Michelle Marinho, todos com larga experi\u00eancia no quesito carnaval, pois fazem parte de diferentes grupos que trabalham no g\u00eanero musical que embalam essas festividades.<\/p>\n\n\n\n<p><strong>A 5 de Agosto Big Band<\/strong><\/p>\n\n\n\n<p>&nbsp;A Big Band 5 de Agosto, uma orquestra derivada da banda de m\u00fasica da Prefeitura de Jo\u00e3o Pessoa, tem como objetivo promover a m\u00fasica e os artistas do nordeste, al\u00e9m de acompanhar artistas locais e nacionais, como Daniel Boaventura, Sandra S\u00e1, Alcione,&nbsp; Joana,&nbsp; Heleno Feitosa (Costinha), Amanda Cunha, Polyana Resende, Renata Arruda, Diana Miranda, entre outros. Tamb\u00e9m gravou um DVD com o pianista e compositor mineiro Wagner Tiso.<\/p>\n\n\n\n<p><strong>A OSUFPB<\/strong><\/p>\n\n\n\n<p>A OSUFPB \u00e9 um corpo art\u00edstico da UFPB pertencente ao LAMUSI (Laborat\u00f3rio de M\u00fasica Aplicada), ligado ao Centro de Comunica\u00e7\u00e3o, Turismo e Artes da institui\u00e7\u00e3o. A Orquestra tem finalidades pedag\u00f3gicas,  contribuindo para a forma\u00e7\u00e3o de plateia para o p\u00fablico pessoense.\u00a0<\/p>\n\n\n\n<p>Atualmente conta com vinte e tr\u00eas m\u00fasicos fixos \u2013 cordas, clarinete e trompa \u2013 e com a participa\u00e7\u00e3o eventual de professores e alunos dos cursos de m\u00fasica da UFPB, al\u00e9m de colaboradores volunt\u00e1rios da cena sinf\u00f4nica paraibana.<\/p>\n\n\n\n<div data-wp-interactive=\"core\/file\" class=\"wp-block-file\"><object data-wp-bind--hidden=\"!state.hasPdfPreview\" hidden class=\"wp-block-file__embed\" data=\"https:\/\/www.ccta.ufpb.br\/lamusi\/wp-content\/uploads\/sites\/102\/sites\/426\/2026\/02\/OSUFPB-PROGRAMA-CONCERTO-DE-CARNAVAL-2026-1.pdf\" type=\"application\/pdf\" style=\"width:100%;height:600px\" aria-label=\"Incorporado de OSUFPB - PROGRAMA - CONCERTO DE CARNAVAL 2026.\"><\/object><a id=\"wp-block-file--media-2a917f92-e841-4d3d-8af4-fc6d2fca8046\" href=\"https:\/\/www.ccta.ufpb.br\/lamusi\/wp-content\/uploads\/sites\/102\/sites\/426\/2026\/02\/OSUFPB-PROGRAMA-CONCERTO-DE-CARNAVAL-2026-1.pdf\">OSUFPB &#8211; PROGRAMA &#8211; CONCERTO DE CARNAVAL 2026<\/a><a href=\"https:\/\/www.ccta.ufpb.br\/lamusi\/wp-content\/uploads\/sites\/102\/sites\/426\/2026\/02\/OSUFPB-PROGRAMA-CONCERTO-DE-CARNAVAL-2026-1.pdf\" class=\"wp-block-file__button wp-element-button\" download aria-describedby=\"wp-block-file--media-2a917f92-e841-4d3d-8af4-fc6d2fca8046\">Baixar<\/a><\/div>\n","protected":false},"excerpt":{"rendered":"<p>O evento marca a abertura da temporada de 2026 da OSUFPB Mais uma vez a [&hellip;]<\/p>\n","protected":false},"author":493,"featured_media":619,"comment_status":"closed","ping_status":"","sticky":false,"template":"","format":"standard","meta":{"footnotes":""},"categories":[5],"tags":[],"class_list":["post-618","post","type-post","status-publish","format-standard","has-post-thumbnail","hentry","category-concertos"],"_links":{"self":[{"href":"https:\/\/www.ccta.ufpb.br\/lamusi\/wp-json\/wp\/v2\/posts\/618","targetHints":{"allow":["GET"]}}],"collection":[{"href":"https:\/\/www.ccta.ufpb.br\/lamusi\/wp-json\/wp\/v2\/posts"}],"about":[{"href":"https:\/\/www.ccta.ufpb.br\/lamusi\/wp-json\/wp\/v2\/types\/post"}],"author":[{"embeddable":true,"href":"https:\/\/www.ccta.ufpb.br\/lamusi\/wp-json\/wp\/v2\/users\/493"}],"replies":[{"embeddable":true,"href":"https:\/\/www.ccta.ufpb.br\/lamusi\/wp-json\/wp\/v2\/comments?post=618"}],"version-history":[{"count":8,"href":"https:\/\/www.ccta.ufpb.br\/lamusi\/wp-json\/wp\/v2\/posts\/618\/revisions"}],"predecessor-version":[{"id":635,"href":"https:\/\/www.ccta.ufpb.br\/lamusi\/wp-json\/wp\/v2\/posts\/618\/revisions\/635"}],"wp:featuredmedia":[{"embeddable":true,"href":"https:\/\/www.ccta.ufpb.br\/lamusi\/wp-json\/wp\/v2\/media\/619"}],"wp:attachment":[{"href":"https:\/\/www.ccta.ufpb.br\/lamusi\/wp-json\/wp\/v2\/media?parent=618"}],"wp:term":[{"taxonomy":"category","embeddable":true,"href":"https:\/\/www.ccta.ufpb.br\/lamusi\/wp-json\/wp\/v2\/categories?post=618"},{"taxonomy":"post_tag","embeddable":true,"href":"https:\/\/www.ccta.ufpb.br\/lamusi\/wp-json\/wp\/v2\/tags?post=618"}],"curies":[{"name":"wp","href":"https:\/\/api.w.org\/{rel}","templated":true}]}}