{"id":654,"date":"2019-10-19T13:11:00","date_gmt":"2019-10-19T16:11:00","guid":{"rendered":"https:\/\/www.ccta.ufpb.br\/lamusi\/?p=654"},"modified":"2026-02-13T13:15:22","modified_gmt":"2026-02-13T16:15:22","slug":"recital-entre-amigos","status":"publish","type":"post","link":"https:\/\/www.ccta.ufpb.br\/lamusi\/eventos\/recital-entre-amigos\/","title":{"rendered":"Recital entre amigos"},"content":{"rendered":"\n<p>Neste s\u00e1bado, 19 de outubro, &nbsp;acontece um recital que faz a m\u00fasica cumprir um de seus mais nobres prop\u00f3sitos, que \u00e9 o de aproximar pessoas que se entendem, celebrar a amizade e contagiar, com essa energia saud\u00e1vel, o p\u00fablico que comparecer ao evento. Trata-se do encontro de m\u00fasicos que se irmanam ao violista Iber\u00ea Carvalho, que se despede de Jo\u00e3o Pessoa no fim deste m\u00eas, voltando pra Alemanha, onde mora h\u00e1 alguns anos. O recital acontece \u00e0s 20:00 horas, na Sala Radegundis Feitosa, que fica no Campus I da UFPB. A entrada \u00e9 franca.<\/p>\n\n\n\n<p>Vindo de f\u00e9rias a Jo\u00e3o Pessoa, sua cidade natal, Iber\u00ea Carvalho, al\u00e9m de rever amigos e familiares, cumpriu uma importante agenda de trabalho, tocando junto \u00e0 OSUFPB e \u00e0 frente da Orquestra Sinf\u00f4nica do Estado. Depois de alguns meses por aqui, interagindo com amigos com quem conviveu em sua forma\u00e7\u00e3o musical, o jovem m\u00fasico n\u00e3o teria como ir embora sem uma manifesta\u00e7\u00e3o musical coroada pelos &nbsp;sentimento de amizade. Assim, atendeu a convite de amigos para realizar esse recital de despedida, numa forma\u00e7\u00e3o de sexteto de cordas.<\/p>\n\n\n\n<p>No palco, Iber\u00ea toca ao lado de Renata Sim\u00f5es, na viola; Rodrigo Eloy&nbsp; e Thialyson Moura (violinos), Bruno Lima e Fernando Junior (violoncelos). No repert\u00f3rio, \u201cSouvenir de Florence\u201d, de Tchaikovsky.<\/p>\n","protected":false},"excerpt":{"rendered":"<p>Neste s\u00e1bado, 19 de outubro, &nbsp;acontece um recital que faz a m\u00fasica cumprir um de [&hellip;]<\/p>\n","protected":false},"author":493,"featured_media":655,"comment_status":"closed","ping_status":"","sticky":false,"template":"","format":"standard","meta":{"footnotes":""},"categories":[4],"tags":[],"class_list":["post-654","post","type-post","status-publish","format-standard","has-post-thumbnail","hentry","category-eventos"],"_links":{"self":[{"href":"https:\/\/www.ccta.ufpb.br\/lamusi\/wp-json\/wp\/v2\/posts\/654","targetHints":{"allow":["GET"]}}],"collection":[{"href":"https:\/\/www.ccta.ufpb.br\/lamusi\/wp-json\/wp\/v2\/posts"}],"about":[{"href":"https:\/\/www.ccta.ufpb.br\/lamusi\/wp-json\/wp\/v2\/types\/post"}],"author":[{"embeddable":true,"href":"https:\/\/www.ccta.ufpb.br\/lamusi\/wp-json\/wp\/v2\/users\/493"}],"replies":[{"embeddable":true,"href":"https:\/\/www.ccta.ufpb.br\/lamusi\/wp-json\/wp\/v2\/comments?post=654"}],"version-history":[{"count":1,"href":"https:\/\/www.ccta.ufpb.br\/lamusi\/wp-json\/wp\/v2\/posts\/654\/revisions"}],"predecessor-version":[{"id":656,"href":"https:\/\/www.ccta.ufpb.br\/lamusi\/wp-json\/wp\/v2\/posts\/654\/revisions\/656"}],"wp:featuredmedia":[{"embeddable":true,"href":"https:\/\/www.ccta.ufpb.br\/lamusi\/wp-json\/wp\/v2\/media\/655"}],"wp:attachment":[{"href":"https:\/\/www.ccta.ufpb.br\/lamusi\/wp-json\/wp\/v2\/media?parent=654"}],"wp:term":[{"taxonomy":"category","embeddable":true,"href":"https:\/\/www.ccta.ufpb.br\/lamusi\/wp-json\/wp\/v2\/categories?post=654"},{"taxonomy":"post_tag","embeddable":true,"href":"https:\/\/www.ccta.ufpb.br\/lamusi\/wp-json\/wp\/v2\/tags?post=654"}],"curies":[{"name":"wp","href":"https:\/\/api.w.org\/{rel}","templated":true}]}}