{"id":699,"date":"2019-09-03T14:50:00","date_gmt":"2019-09-03T17:50:00","guid":{"rendered":"https:\/\/www.ccta.ufpb.br\/lamusi\/?p=699"},"modified":"2026-02-23T14:52:01","modified_gmt":"2026-02-23T17:52:01","slug":"lamusi-oferece-curso-de-editoracao-e-programacao-visual","status":"publish","type":"post","link":"https:\/\/www.ccta.ufpb.br\/lamusi\/institucional\/lamusi-oferece-curso-de-editoracao-e-programacao-visual\/","title":{"rendered":"Lamusi oferece curso de editora\u00e7\u00e3o e programa\u00e7\u00e3o visual"},"content":{"rendered":"\n<p>O Lamusi \u2013 Laborat\u00f3rio de M\u00fasica Aplicada do CCTA est\u00e1 oferecendo um minicurso de editora\u00e7\u00e3o e programa\u00e7\u00e3o visual prioritariamente para alunos da UFPB que fa\u00e7am cursos nessa \u00e1rea. Ser\u00e3o ofertadas oito vagas, que tamb\u00e9m poder\u00e3o ser ocupadas por outros interessados que tenham liga\u00e7\u00e3o com a UFPB.<\/p>\n\n\n\n<p>O minicurso ter\u00e1 dura\u00e7\u00e3o de dez horas e ser\u00e1 ministrado pela jornalista e designer Debora Freire. Ser\u00e1 realizado de 09 a 13 de setembro, das 15:30h \u00e0s 17:30h, &nbsp;na sala de administra\u00e7\u00e3o do pr\u00f3prio Lamusi, que fica no subsolo da Sala de Concertos Redegundis Feitosa.<\/p>\n\n\n\n<p>As inscri\u00e7\u00f5es est\u00e3o abertas e podem ser feitas pelo SIGAA, atrav\u00e9s do endere\u00e7o: <a href=\"https:\/\/sigaa.ufpb.br\/sigaa\/public\/extensao\/loginCursosEventosExtensao.jsf\" target=\"_blank\" rel=\"noreferrer noopener\">https:\/\/sigaa.ufpb.br\/sigaa\/public\/extensao\/loginCursosEventosExtensao.jsf<\/a><\/p>\n\n\n\n<p>Este minicurso dar\u00e1 direito a certificado.<\/p>\n\n\n\n<p>Maiores informa\u00e7\u00f5es no e-mail: <a href=\"mailto:lamusi.ufpb@gmail.com\">lamusi.ufpb@gmail.com<\/a> ou pelo telefone 98630-1962.<\/p>\n\n\n\n<p><\/p>\n","protected":false},"excerpt":{"rendered":"<p>O Lamusi \u2013 Laborat\u00f3rio de M\u00fasica Aplicada do CCTA est\u00e1 oferecendo um minicurso de editora\u00e7\u00e3o [&hellip;]<\/p>\n","protected":false},"author":493,"featured_media":700,"comment_status":"closed","ping_status":"","sticky":false,"template":"","format":"standard","meta":{"footnotes":""},"categories":[3],"tags":[],"class_list":["post-699","post","type-post","status-publish","format-standard","has-post-thumbnail","hentry","category-institucional"],"_links":{"self":[{"href":"https:\/\/www.ccta.ufpb.br\/lamusi\/wp-json\/wp\/v2\/posts\/699","targetHints":{"allow":["GET"]}}],"collection":[{"href":"https:\/\/www.ccta.ufpb.br\/lamusi\/wp-json\/wp\/v2\/posts"}],"about":[{"href":"https:\/\/www.ccta.ufpb.br\/lamusi\/wp-json\/wp\/v2\/types\/post"}],"author":[{"embeddable":true,"href":"https:\/\/www.ccta.ufpb.br\/lamusi\/wp-json\/wp\/v2\/users\/493"}],"replies":[{"embeddable":true,"href":"https:\/\/www.ccta.ufpb.br\/lamusi\/wp-json\/wp\/v2\/comments?post=699"}],"version-history":[{"count":1,"href":"https:\/\/www.ccta.ufpb.br\/lamusi\/wp-json\/wp\/v2\/posts\/699\/revisions"}],"predecessor-version":[{"id":701,"href":"https:\/\/www.ccta.ufpb.br\/lamusi\/wp-json\/wp\/v2\/posts\/699\/revisions\/701"}],"wp:featuredmedia":[{"embeddable":true,"href":"https:\/\/www.ccta.ufpb.br\/lamusi\/wp-json\/wp\/v2\/media\/700"}],"wp:attachment":[{"href":"https:\/\/www.ccta.ufpb.br\/lamusi\/wp-json\/wp\/v2\/media?parent=699"}],"wp:term":[{"taxonomy":"category","embeddable":true,"href":"https:\/\/www.ccta.ufpb.br\/lamusi\/wp-json\/wp\/v2\/categories?post=699"},{"taxonomy":"post_tag","embeddable":true,"href":"https:\/\/www.ccta.ufpb.br\/lamusi\/wp-json\/wp\/v2\/tags?post=699"}],"curies":[{"name":"wp","href":"https:\/\/api.w.org\/{rel}","templated":true}]}}