{"id":828,"date":"2026-03-03T17:34:40","date_gmt":"2026-03-03T20:34:40","guid":{"rendered":"https:\/\/www.ccta.ufpb.br\/lamusi\/?p=828"},"modified":"2026-03-06T11:04:53","modified_gmt":"2026-03-06T14:04:53","slug":"osufpb-faz-concerto-em-homenagem-as-mulheres","status":"publish","type":"post","link":"https:\/\/www.ccta.ufpb.br\/lamusi\/concertos\/osufpb-faz-concerto-em-homenagem-as-mulheres\/","title":{"rendered":"OSUFPB faz concerto em homenagem \u00e0s mulheres"},"content":{"rendered":"\n<p class=\"has-medium-font-size\"><em><strong>No repert\u00f3rio, tr\u00eas compositoras pioneiras em seu of\u00edcio, promovendo avan\u00e7os para as mulheres no campo da m\u00fasica<\/strong><\/em><\/p>\n\n\n\n<p>A OSUFPB tem neste m\u00eas de mar\u00e7o uma programa\u00e7\u00e3o bem densa, com quatro concertos marcados. O primeiro deles acontece nesta sexta, 06 de mar\u00e7o, e ser\u00e1 dedicado \u00e0s mulheres, fazendo alus\u00e3o ao Dia Internacional da Mulher, celebrado no dia 08 deste m\u00eas. No repert\u00f3rio, a compositora alem\u00e3 Fanny Mendelssohn (1805-1847) e as brasileiras Ilza Nogueira (1948) e Tami Belfer (1945), todas s\u00e3o personagens que fizeram conquistas hist\u00f3ricas a partir de sua m\u00fasica e seu posicionamento desafiador dentro da realidade de seu tempo. A reg\u00eancia fica por conta do maestro Carlos An\u00edsio.<\/p>\n\n\n\n<p>O evento ser\u00e1 realizado na Sala Radegundis Feitosa, \u00e0s 20 horas e a entrada \u00e9 gratuita com acesso rigorosamente por ordem de chegada at\u00e9 a lota\u00e7\u00e3o da Sala, que comporta 300 espectadores.<\/p>\n\n\n\n<p><strong>As compositoras e o repert\u00f3rio<\/strong><\/p>\n\n\n\n<p>Para inspirar as mulheres em suas lutas contra o machismo e a misoginia, foram escolhidas tr\u00eas compositoras que, na condi\u00e7\u00e3o de mulher, promoveram avan\u00e7os no seu tempo, desafiando realidades que as oprimem. A primeira delas \u00e9 a compositora e pianista alem\u00e3 <strong>Fanny Mendelssohn<\/strong>, que teve sua carreira ofuscada pelo seu irm\u00e3o Felix Mendelssohn, este sim, muito conhecido. Esta compositora deixou cerca de 460 obras e at\u00e9 inaugurou um estilo de composi\u00e7\u00e3o para piano, conhecido como \u201cCan\u00e7\u00e3o sem Palavras&#8221;, que terminou por ajudar na proje\u00e7\u00e3o de seu irm\u00e3o famoso. De Fanny Mendelssohn ser\u00e1 tocada o <em>Quarteto de Cordas em Mi Bemol Maior<\/em>, que foi escrito em 1834.<\/p>\n\n\n\n<p>As outras duas compositoras s\u00e3o brasileiras. A primeira \u00e9 a professora e pesquisadora <strong>Ilza Nogueira<\/strong>, baiana de Salvador, mas que marcou muito a cena musical e acad\u00eamica da Para\u00edba, pois lecionou por 22 anos na Universidade Federal da Para\u00edba. Al\u00e9m de ex\u00edmia compositora, a Profa. Ilza pertence \u00e0 Academia Brasileira de M\u00fasica desde 2003, onde ocupa a cadeira de n\u00famero 27. Em 2026 foi eleita presidente desta mesma Academia, tomando posse deste honor\u00e1vel posto esta semana. Dela, a OSUFPB tocar\u00e1 a <em>Su\u00edte Caymmiana: Hist\u00f3ria de Pescadores<\/em>, composta em homenagem \u00e0s can\u00e7\u00f5es praieiras do tamb\u00e9m baiano Dorival Caymmi.&nbsp;<\/p>\n\n\n\n<p>A outra que completa o elenco criativo \u00e9 <strong>Tami Belfer<\/strong>, uma jovem paulista nascida em 1985, mas que j\u00e1 comemora uma exitosa carreira como violonista e compositora. Bacharel em viol\u00e3o cl\u00e1ssico e licenciada em m\u00fasica pela Faculdade Santa Marcelina (SP), dedicou-se \u00e0 composi\u00e7\u00e3o e \u00e0 produ\u00e7\u00e3o audiovisual, com foco em trilhas sonoras para cinema. Participou de mais de 40 longas-metragens e s\u00e9ries brasileiras, incluindo produ\u00e7\u00f5es para Netflix, HBO, Star Plus, O2 Filmes, Gullane, Paris Entretenimento, entre outras. De Tami Belfer, a OSUFPB toca <em>Fragmentos de Escurid\u00e3o<\/em> (2023), que \u00e9 uma pe\u00e7a para orquestra de cordas, clarinete e trompa, estruturada a partir de uma melodia apresentada inicialmente em di\u00e1logo entre os dois instrumentos de sopro.<\/p>\n\n\n\n<p><strong>O Regente<\/strong><\/p>\n\n\n\n<p>Carlos An\u00edsio realizou seus estudos iniciais na Escola de M\u00fasica Anthenor Navarro. \u00c9 Bacharel em M\u00fasica (UFPB\/83) e Mestre em Reg\u00eancia Orquestral (UFBA\/97), tendo ingressado como docente da UFPB em 1991. Diretor e compositor premiado de trilhas musicais para cena e audiovisual, dirige o Coro de C\u00e2mara Villa-Lobos, com o qual gravou os CDs Cancioneiro de Ipuarana e Todas as Ondas do R\u00e1dio.<\/p>\n\n\n\n<p>Dirigiu, regeu e fez arranjos de v\u00e1rios CDs, como <em>Viva Nau Catarineta, Poetas Sem Conserto, Travessuras: Dez Can\u00e7\u00f5es Infantis, Z\u00e9 Lins: O P\u00e1ssaro Poeta, Antologia Musical: Viva Pedro Santos!,<\/em> entre outros. Atualmente \u00e9 Coordenador da Orquestra Sinf\u00f4nica da UFPB.<\/p>\n\n\n\n<p><strong>A OSUFPB<\/strong><\/p>\n\n\n\n<p>A OSUFPB \u00e9 um corpo art\u00edstico da UFPB pertencente ao LAMUSI (Laborat\u00f3rio de M\u00fasica Aplicada), ligado ao Centro de Comunica\u00e7\u00e3o, Turismo e Artes da institui\u00e7\u00e3o. A Orquestra tem finalidades pedag\u00f3gicas, contribuindo para a forma\u00e7\u00e3o de plateia para o p\u00fablico pessoense.&nbsp;<\/p>\n\n\n\n<p>Atualmente conta com vinte e tr\u00eas m\u00fasicos fixos \u2013 cordas, clarinete e trompa \u2013 e com a participa\u00e7\u00e3o eventual de professores e alunos dos cursos de m\u00fasica da UFPB, al\u00e9m de colaboradores volunt\u00e1rios da cena sinf\u00f4nica paraibana.<\/p>\n\n\n\n<div data-wp-interactive=\"core\/file\" class=\"wp-block-file\"><object data-wp-bind--hidden=\"!state.hasPdfPreview\" hidden class=\"wp-block-file__embed\" data=\"https:\/\/www.ccta.ufpb.br\/lamusi\/wp-content\/uploads\/sites\/102\/sites\/426\/2026\/03\/Programa-OSUFPB-06.03.2026-FINAL.pdf\" type=\"application\/pdf\" style=\"width:100%;height:600px\" aria-label=\"Incorporado de Programa OSUFPB - 06.03.2026 FINAL.\"><\/object><a id=\"wp-block-file--media-0e12d952-4939-45f9-9be2-f129f4e1966e\" href=\"https:\/\/www.ccta.ufpb.br\/lamusi\/wp-content\/uploads\/sites\/102\/sites\/426\/2026\/03\/Programa-OSUFPB-06.03.2026-FINAL.pdf\">Programa OSUFPB &#8211; 06.03.2026 FINAL<\/a><a href=\"https:\/\/www.ccta.ufpb.br\/lamusi\/wp-content\/uploads\/sites\/102\/sites\/426\/2026\/03\/Programa-OSUFPB-06.03.2026-FINAL.pdf\" class=\"wp-block-file__button wp-element-button\" download aria-describedby=\"wp-block-file--media-0e12d952-4939-45f9-9be2-f129f4e1966e\">Baixar<\/a><\/div>\n","protected":false},"excerpt":{"rendered":"<p>No repert\u00f3rio, tr\u00eas compositoras pioneiras em seu of\u00edcio, promovendo avan\u00e7os para as mulheres no campo [&hellip;]<\/p>\n","protected":false},"author":493,"featured_media":829,"comment_status":"closed","ping_status":"","sticky":false,"template":"","format":"standard","meta":{"footnotes":""},"categories":[5],"tags":[],"class_list":["post-828","post","type-post","status-publish","format-standard","has-post-thumbnail","hentry","category-concertos"],"_links":{"self":[{"href":"https:\/\/www.ccta.ufpb.br\/lamusi\/wp-json\/wp\/v2\/posts\/828","targetHints":{"allow":["GET"]}}],"collection":[{"href":"https:\/\/www.ccta.ufpb.br\/lamusi\/wp-json\/wp\/v2\/posts"}],"about":[{"href":"https:\/\/www.ccta.ufpb.br\/lamusi\/wp-json\/wp\/v2\/types\/post"}],"author":[{"embeddable":true,"href":"https:\/\/www.ccta.ufpb.br\/lamusi\/wp-json\/wp\/v2\/users\/493"}],"replies":[{"embeddable":true,"href":"https:\/\/www.ccta.ufpb.br\/lamusi\/wp-json\/wp\/v2\/comments?post=828"}],"version-history":[{"count":2,"href":"https:\/\/www.ccta.ufpb.br\/lamusi\/wp-json\/wp\/v2\/posts\/828\/revisions"}],"predecessor-version":[{"id":836,"href":"https:\/\/www.ccta.ufpb.br\/lamusi\/wp-json\/wp\/v2\/posts\/828\/revisions\/836"}],"wp:featuredmedia":[{"embeddable":true,"href":"https:\/\/www.ccta.ufpb.br\/lamusi\/wp-json\/wp\/v2\/media\/829"}],"wp:attachment":[{"href":"https:\/\/www.ccta.ufpb.br\/lamusi\/wp-json\/wp\/v2\/media?parent=828"}],"wp:term":[{"taxonomy":"category","embeddable":true,"href":"https:\/\/www.ccta.ufpb.br\/lamusi\/wp-json\/wp\/v2\/categories?post=828"},{"taxonomy":"post_tag","embeddable":true,"href":"https:\/\/www.ccta.ufpb.br\/lamusi\/wp-json\/wp\/v2\/tags?post=828"}],"curies":[{"name":"wp","href":"https:\/\/api.w.org\/{rel}","templated":true}]}}