{"id":838,"date":"2026-03-10T15:14:36","date_gmt":"2026-03-10T18:14:36","guid":{"rendered":"https:\/\/www.ccta.ufpb.br\/lamusi\/?p=838"},"modified":"2026-03-13T12:56:43","modified_gmt":"2026-03-13T15:56:43","slug":"orquestra-sinfonica-academica-da-ufpb-e-o-coro-da-academia-de-opera-e-repertorio-apresentam-concerto-comemorativo-pelos-190-anos-de-nascimento-de-carlos-gomes","status":"publish","type":"post","link":"https:\/\/www.ccta.ufpb.br\/lamusi\/concertos\/orquestra-sinfonica-academica-da-ufpb-e-o-coro-da-academia-de-opera-e-repertorio-apresentam-concerto-comemorativo-pelos-190-anos-de-nascimento-de-carlos-gomes\/","title":{"rendered":"Orquestra Sinf\u00f4nica Acad\u00eamica da UFPB e o Coro da Academia de \u00d3pera e Repert\u00f3rio apresentam concerto comemorativo pelos 190 anos de nascimento de Carlos Gomes"},"content":{"rendered":"\n<p>A Orquestra Sinf\u00f4nica Acad\u00eamica da UFPB (OSA) junta-se ao Coro da Academia de \u00d3pera e Repert\u00f3rio para abrir em grande estilo sua temporada de 2026, fazendo&nbsp; um concerto comemorativo em homenagem aos 190 anos de nascimento do compositor brasileiro Carlos Gomes. Para isso, convida tamb\u00e9m a Orquestra Sinf\u00f4nica da UFPB, tendo ainda a participa\u00e7\u00e3o especial dos professores do Departamento de M\u00fasica da UFPB e cantores especialmente convidados para o evento. A dire\u00e7\u00e3o art\u00edstica e reg\u00eancia ficam por conta do maestro e professor do DEMUS Wendell Kettle.<\/p>\n\n\n\n<p>O Concerto, que inaugura a s\u00e9rie \u201cEfem\u00e9rides\u201d acontece nesta sexta-feira, 13 de mar\u00e7o, \u00e0s 20h00, na Sala de Concertos Radegundis Feitosa, que fica no Campus I da UFPB. A entrada \u00e9 gratuita e o acesso \u00e9 organizado rigorosamente por ordem de chegada, com senhas que ser\u00e3o distribu\u00eddas no local a partir das 19h00, com limite para 300 espectadores, que \u00e9 a capacidade da Sala.<\/p>\n\n\n\n<p><strong>O Concerto<\/strong><\/p>\n\n\n\n<p>Quem for ao concerto desta sexta na Sala Radegundis Feitosa, vai se sentir muito \u00edntimo dos sons que ouvir\u00e1, j\u00e1 que no repert\u00f3rio teremos a abertura da \u00f3pera \u201c<em>O Guarani\u201d<\/em>, do compositor brasileiro Carlos Gomes, que foi estreada com grande sucesso em mar\u00e7o de 1870, em Mil\u00e3o, na It\u00e1lia. Essa certeza da intimidade sonora do p\u00fablico com a obra se d\u00e1 por ser esta uma das pe\u00e7as sinf\u00f4nicas brasileiras mais conhecidas de todos os tempos, uma vez que se tornou at\u00e9 tema de abertura do programa radiof\u00f4nico oficial do Governo Brasileiro, veiculado nacionalmente desde 1935. De t\u00e3o popular, h\u00e1 quem diga que se trata de um segundo hino nacional. Mas, como o concerto \u00e9 comemorativo dos 190 anos de Carlos Gomes (1836 &#8211; 1896), ser\u00e3o ainda apresentadas a Sonata para Cordas \u201c<em>O Burrico de Pau<\/em>\u201d (1894) e \u201c<em>Colombo &#8211; Poema-vocal-sinf\u00f4nico &#8211; Parte II<\/em>\u201d (1892).<\/p>\n\n\n\n<p>A grandiosidade deste concerto exigiu que se agregassem grupos musicais para atender \u00e0 dimens\u00e3o sonora das obras. Assim, juntaram-se a Orquestra Sinf\u00f4nica Acad\u00eamica da UFPB (OSA), o Coro da Academia de \u00d3pera e Repert\u00f3rio, convidando ainda professores do Departamento de M\u00fasica da UFPB (DEMUS) e a Orquestra Sinf\u00f4nica da UFPB (OSUFPB) para uma grande forma\u00e7\u00e3o sinf\u00f4nica. O concerto conta ainda com a presen\u00e7a de solistas convidados de importantes institui\u00e7\u00f5es l\u00edricas do pa\u00eds, como a soprano paraibana Izadora Fran\u00e7a, da Academia de \u00d3pera e Repert\u00f3rio (AOR); o baixo-bar\u00edtono Rafael Thomas, do Teatro Municipal de S\u00e3o Paulo; o baixo Murilo Neves, do Teatro Municipal do Rio de Janeiro; e o tenor Lazlo Bonilla, da Companhia de \u00d3pera do Rio Grande do Sul. A reg\u00eancia \u00e9 do maestro Wendell Kettle, professor do DEMUS e atual coordenador do Lamusi &#8211; Laborat\u00f3rio de M\u00fasica Aplicada do CCTA\/UFPB. Wendell tamb\u00e9m faz a dire\u00e7\u00e3o art\u00edstica do evento.<\/p>\n\n\n\n<p><strong>O homenageado<\/strong><\/p>\n\n\n\n<p>Carlos Gomes \u00e9 o mais conhecido m\u00fasico do Romantismo brasileiro. Em 1857, Dom Pedro II fundou, no Rio de Janeiro, a Academia Imperial de M\u00fasica e \u00d3pera Nacional, institui\u00e7\u00e3o onde Carlos Gomes deu seus primeiros passos no melodrama. Aos 25 anos, comp\u00f4s sua primeira \u00f3pera, <em>A Noite do Castelo.<\/em> Pouco depois, o triunfo de <em>Joana de Flandres<\/em> lhe garantia o aperfei\u00e7oamento na It\u00e1lia, com uma bolsa do governo. Suas \u00f3peras seguintes confirmaram o acerto do apoio dado ao m\u00fasico por Dom Pedro II.<\/p>\n\n\n\n<p>Filho do maestro da banda de Campinas, o jovem compositor viria a ser o primeiro artista brasileiro a adquirir fama internacional. Vivendo um momento decisivo da hist\u00f3ria do Brasil, entre o Imp\u00e9rio e a Rep\u00fablica, Carlos Gomes contemplou o indianismo rom\u00e2ntico (<em>Il Guarany<\/em>), o abolicionismo (<em>Lo Schiavo<\/em>) e tornou-se \u00eddolo popular, orgulho da na\u00e7\u00e3o.<\/p>\n\n\n\n<p><strong>A Orquestra Sinf\u00f4nica Acad\u00eamica da UFPB&nbsp;<\/strong><\/p>\n\n\n\n<p>A OSA \u00e9 um grupo orquestral formado por alunos de gradua\u00e7\u00e3o e p\u00f3s-gradua\u00e7\u00e3o, e tamb\u00e9m por professores dos cursos de M\u00fasica da UFPB, bem como estudantes, professores e jovens m\u00fasicos de outras institui\u00e7\u00f5es e entidades externas \u00e0 Universidade, voltado \u00e0 pr\u00e1tica da m\u00fasica orquestral &#8211; sinf\u00f4nica e oper\u00edstica.&nbsp;<\/p>\n\n\n\n<p>Sua estreia ocorreu em 20 de dezembro de 2025, na estreia paraibana da \u00f3pera \u201cO Refletor\u201d, de Jos\u00e9 Alberto Kaplan, apresentada na sala \u201cRadegundis Feitosa\u201d da UFPB. A OSA atua sob a dire\u00e7\u00e3o art\u00edstica do maestro Wendell Kettle, sob a coordena\u00e7\u00e3o dos professores Ticiano Rocha, Ravi Shankar Viana e Cisneiro Andrade e ainda sob a coordena\u00e7\u00e3o adjunta dos professores de instrumentos de orquestra do Departamento de M\u00fasica da UFPB.<\/p>\n\n\n\n<div data-wp-interactive=\"core\/file\" class=\"wp-block-file\"><object data-wp-bind--hidden=\"!state.hasPdfPreview\" hidden class=\"wp-block-file__embed\" data=\"https:\/\/www.ccta.ufpb.br\/lamusi\/wp-content\/uploads\/sites\/102\/sites\/426\/2026\/03\/PROGRAMA-CONCERTO-CARLOS-GOMES-0SAAOROSUFPB-13.03.2026_compressed-1.pdf\" type=\"application\/pdf\" style=\"width:100%;height:600px\" aria-label=\"Incorporado de PROGRAMA CONCERTO CARLOS GOMES - 0SA+AOR+OSUFPB - 13.03.2026_compressed-1.\"><\/object><a id=\"wp-block-file--media-d42b32f9-2636-4e81-9074-fc01c68d0dde\" href=\"https:\/\/www.ccta.ufpb.br\/lamusi\/wp-content\/uploads\/sites\/102\/sites\/426\/2026\/03\/PROGRAMA-CONCERTO-CARLOS-GOMES-0SAAOROSUFPB-13.03.2026_compressed-1.pdf\">PROGRAMA CONCERTO CARLOS GOMES &#8211; 0SA+AOR+OSUFPB &#8211; 13.03.2026_compressed-1<\/a><a href=\"https:\/\/www.ccta.ufpb.br\/lamusi\/wp-content\/uploads\/sites\/102\/sites\/426\/2026\/03\/PROGRAMA-CONCERTO-CARLOS-GOMES-0SAAOROSUFPB-13.03.2026_compressed-1.pdf\" class=\"wp-block-file__button wp-element-button\" download aria-describedby=\"wp-block-file--media-d42b32f9-2636-4e81-9074-fc01c68d0dde\">Baixar<\/a><\/div>\n","protected":false},"excerpt":{"rendered":"<p>A Orquestra Sinf\u00f4nica Acad\u00eamica da UFPB (OSA) junta-se ao Coro da Academia de \u00d3pera e [&hellip;]<\/p>\n","protected":false},"author":493,"featured_media":839,"comment_status":"closed","ping_status":"","sticky":false,"template":"","format":"standard","meta":{"footnotes":""},"categories":[5],"tags":[],"class_list":["post-838","post","type-post","status-publish","format-standard","has-post-thumbnail","hentry","category-concertos"],"_links":{"self":[{"href":"https:\/\/www.ccta.ufpb.br\/lamusi\/wp-json\/wp\/v2\/posts\/838","targetHints":{"allow":["GET"]}}],"collection":[{"href":"https:\/\/www.ccta.ufpb.br\/lamusi\/wp-json\/wp\/v2\/posts"}],"about":[{"href":"https:\/\/www.ccta.ufpb.br\/lamusi\/wp-json\/wp\/v2\/types\/post"}],"author":[{"embeddable":true,"href":"https:\/\/www.ccta.ufpb.br\/lamusi\/wp-json\/wp\/v2\/users\/493"}],"replies":[{"embeddable":true,"href":"https:\/\/www.ccta.ufpb.br\/lamusi\/wp-json\/wp\/v2\/comments?post=838"}],"version-history":[{"count":5,"href":"https:\/\/www.ccta.ufpb.br\/lamusi\/wp-json\/wp\/v2\/posts\/838\/revisions"}],"predecessor-version":[{"id":848,"href":"https:\/\/www.ccta.ufpb.br\/lamusi\/wp-json\/wp\/v2\/posts\/838\/revisions\/848"}],"wp:featuredmedia":[{"embeddable":true,"href":"https:\/\/www.ccta.ufpb.br\/lamusi\/wp-json\/wp\/v2\/media\/839"}],"wp:attachment":[{"href":"https:\/\/www.ccta.ufpb.br\/lamusi\/wp-json\/wp\/v2\/media?parent=838"}],"wp:term":[{"taxonomy":"category","embeddable":true,"href":"https:\/\/www.ccta.ufpb.br\/lamusi\/wp-json\/wp\/v2\/categories?post=838"},{"taxonomy":"post_tag","embeddable":true,"href":"https:\/\/www.ccta.ufpb.br\/lamusi\/wp-json\/wp\/v2\/tags?post=838"}],"curies":[{"name":"wp","href":"https:\/\/api.w.org\/{rel}","templated":true}]}}