{"id":100,"date":"2025-07-03T11:59:38","date_gmt":"2025-07-03T14:59:38","guid":{"rendered":"https:\/\/www.ccta.ufpb.br\/objorsemiarido\/?p=100"},"modified":"2025-07-03T11:59:38","modified_gmt":"2025-07-03T14:59:38","slug":"chamada-publica-de-selecao-para-bolsista-proex-ufpb-no-seu-municipio-e-responsabilidade-social-2025-para-o-projeto-clube-de-leitura-narradoras-do-tempo-cronicas-reportagens-em-quadrinho","status":"publish","type":"post","link":"https:\/\/www.ccta.ufpb.br\/objorsemiarido\/uncategorized\/chamada-publica-de-selecao-para-bolsista-proex-ufpb-no-seu-municipio-e-responsabilidade-social-2025-para-o-projeto-clube-de-leitura-narradoras-do-tempo-cronicas-reportagens-em-quadrinho\/","title":{"rendered":"Chamada p\u00fablica de sele\u00e7\u00e3o para bolsista PROEX &#8211; UFPB NO SEU MUNIC\u00cdPIO E RESPONSABILIDADE SOCIAL &#8211; 2025 para o projeto \u201cClube de Leitura Narradoras do Tempo: cr\u00f4nicas, reportagens em quadrinhos e livros reportagens feito por mulheres\u201d"},"content":{"rendered":"\n<p><\/p>\n\n\n\n<p>Os coordenadores do&nbsp; \u201cClube de Leitura Narradoras do Tempo: cr\u00f4nicas, reportagens em quadrinhos e livros reportagens feito por mulheres, (projeto de extens\u00e3o vinculado ao Departamento de Jornalismo da Universidade Federal da Para\u00edba), no uso de suas atribui\u00e7\u00f5es e atendendo ao EDITAL PROEX N\u00ba 08\/2025 \u2013 UFPB NO SEU MUNIC\u00cdPIO E RESPONSABILIDADE SOCIAL &#8211; 2025 da Pr\u00f3-Reitoria de Extens\u00e3o, por meio da Coordena\u00e7\u00e3o de Programas de A\u00e7\u00e3o Comunit\u00e1ria \u2013 COPAC, tornam p\u00fablica a abertura, no per\u00edodo de 01\/07\/2025 a 10\/07\/2025, de processo seletivo para bolsista e volunt\u00e1rios PROEX \u2013 UFPB NO SEU MUNIC\u00cdPIO E RESPONSABILIDADE SOCIAL &#8211; 2025, para atua\u00e7\u00e3o no Clube de Leitura Narradoras do Tempo: cr\u00f4nicas, reportagens em quadrinhos e livros reportagens feito por mulheres\u201d.<\/p>\n\n\n\n<p>Coordenadora do Projeto: Profa. Dra. Sandra Raquew dos Santos Azev\u00eado<\/p>\n\n\n\n<p>Coordenador-adjunto: Prof. Dr. Carlos Alberto Farias de Azev\u00eado Filho<\/p>\n\n\n\n<p>Contato: sandra.azevedo@acadmico.ufpb.br<\/p>\n\n\n\n<p>N\u00famero de vagas: 1 (uma) vaga, destinada exclusivamente a alunos regularmente matriculados no curso de Jornalismo<\/p>\n\n\n\n<p>Valor da bolsa: R$700,00<\/p>\n\n\n\n<p>Dura\u00e7\u00e3o da bolsa: at\u00e9 6 (seis) meses<\/p>\n\n\n\n<p><strong>INSCRI\u00c7\u00d5ES &#8211;&nbsp; De 01\/07\/2025 a 03\/07\/2025<\/strong><\/p>\n\n\n\n<p>&nbsp;&nbsp;&nbsp;&nbsp;&nbsp;&nbsp;&nbsp;&nbsp;&nbsp;&nbsp;&nbsp; Os discentes interessados em participarem do processo de sele\u00e7\u00e3o para vaga de <strong>bolsistas e\/ou vaga(s) volunt\u00e1rio(s)<\/strong> dever\u00e3o realizar registro de interesse no SIGAA no per\u00edodo de 01 a 03 de julho, conforme os seguintes procedimentos (Item 7.3.3 do Edital PROEX 08\/2025):<\/p>\n\n\n\n<ul class=\"wp-block-list\">\n<li>Acessar o SIGAA &gt;<\/li>\n\n\n\n<li>Acessar o menu BOLSAS &gt;<\/li>\n\n\n\n<li>Clicar em OPORTUNIDADE DE BOLSA &gt;<\/li>\n<\/ul>\n\n\n\n<ul class=\"wp-block-list\">\n<li>Selecionar o TIPO de bolsa EXTENS\u00c3O &gt;<\/li>\n\n\n\n<li>Informar o nome do ORIENTADOR (Coordenador do projeto) &gt;&gt;&gt;\u00a0 Sandra Raquew dos Santos Azev\u00eado<\/li>\n\n\n\n<li>&gt;&gt;&gt;Clicar em BUSCAR &gt;&gt;&gt;<\/li>\n\n\n\n<li>&gt;&gt;&gt;Clicar no \u00edcone PARTICIPAR DA SELE\u00c7\u00c3O DE BOLSA DE EXTENS\u00c3O &gt;&gt;&gt;\u00a0\u00a0 Clube de Leitura Narradoras do Tempo: cr\u00f4nicas, reportagens em quadrinhos e livros reportagens feito por mulheres<\/li>\n\n\n\n<li>&gt;&gt;&gt;Preencher o formul\u00e1rio que se abriu, e clicar em REGISTRAR-SE COMO INTERESSADO.\u00a0<\/li>\n<\/ul>\n\n\n\n<p><strong>SELE\u00c7\u00c3O &#8211;&nbsp; De 04\/07\/2025 a 10\/07\/2025<\/strong><\/p>\n\n\n\n<p>&nbsp;&nbsp;&nbsp;&nbsp;&nbsp;&nbsp;&nbsp;&nbsp;&nbsp;&nbsp;&nbsp; Envio da documenta\u00e7\u00e3o exigida para o email <a href=\"mailto:sandra.azevedo@academico.ufpb.br\">sandra.azevedo@academico.ufpb.br<\/a> at\u00e9 o dia 04 de julho de 2025. A sele\u00e7\u00e3o ser\u00e1 realizada em duas etapas: a primeira atrav\u00e9s do atrav\u00e9s da an\u00e1lise do hist\u00f3rico escolar e curr\u00edculo-lattes com documenta\u00e7\u00e3o comprobat\u00f3ria; e na segunda etapa, 05 a 09\/ 07\/2025 atrav\u00e9s da realiza\u00e7\u00e3o de entrevista com os candidatos com curr\u00edculos pr\u00e9-selecionados.<\/p>\n\n\n\n<p><strong>PERFIL DO CANDIDATO:<\/strong><\/p>\n\n\n\n<p>&nbsp;&nbsp;&nbsp;&nbsp;&nbsp;&nbsp;&nbsp;&nbsp;&nbsp;&nbsp;&nbsp; Alunos(as) regularmente matriculados no curso de Jornalismo, a partir do 4. Per\u00edodo letivo, que se interessem em participar como integrantes do projeto Clube de Leitura Narradoras do Tempo, atuando em todas as etapas e atividades jornal\u00edsticas, administrativas e pedag\u00f3gicas deste projeto, a serem realizadas em aldeias nas aldeias potiguaras Camurupim e Brejinhos, pertencentes ao Munic\u00edpio de Marca\u00e7\u00e3o, e no munic\u00edpio de Duas Estadas, no ano de 2025.<\/p>\n\n\n\n<p><strong>CRIT\u00c9RIOS PARA RECEBER A BOLSA:<\/strong><\/p>\n\n\n\n<p>a) Estar regularmente matriculado(a) e frequentando curso de Bacharelado ou Licenciatura Jornalismo na UFPB;<\/p>\n\n\n\n<p>b) N\u00e3o participar, como bolsista, de outros programas acad\u00eamicos;<\/p>\n\n\n\n<p>c) N\u00e3o ser concluinte;<\/p>\n\n\n\n<p>d) Apresentar Coeficiente de Rendimento Acad\u00eamico (CRA) satisfat\u00f3rio;<\/p>\n\n\n\n<p>e) Se bolsista nos editais de 2024, ter submetido resumo no XXV ENEX;<\/p>\n\n\n\n<p>f) Ter disponibilidade de 20 (vinte) horas semanais para atuar nas atividades do projeto.<\/p>\n\n\n\n<p><strong>ATRIBUI\u00c7\u00d5ES DO BOLSISTA:<\/strong><\/p>\n\n\n\n<ol style=\"list-style-type:lower-alpha\" class=\"wp-block-list\">\n<li>Participar das reuni\u00f5es semanais de planejamento das atividades online e presenciais do Clube de Leitura cr\u00f4nicas, reportagens em quadrinhos e livros reportagens feito por mulheres;<\/li>\n<\/ol>\n\n\n\n<ul class=\"wp-block-list\">\n<li>Fazer pesquisa e levantamento bibliogr\u00e1fico das obras jornal\u00edsticas, de jornalismo liter\u00e1rio, reportagens em quadrinhos e cr\u00f4nicas para fins de curadoria e organiza\u00e7\u00e3o de acervo;<\/li>\n<\/ul>\n\n\n\n<ul class=\"wp-block-list\">\n<li>Atuar no planejamento, organiza\u00e7\u00e3o e realiza\u00e7\u00e3o dos encontros tem\u00e1ticos e oficinas promovidas pelo Clube de Leitura Narradoras do Tempo nos munic\u00edpios onde o projeto \u00e9 desenvolvido.<\/li>\n<\/ul>\n\n\n\n<ul class=\"wp-block-list\">\n<li>Realizar pesquisa documental e jornal\u00edstica sobre a atua\u00e7\u00e3o de mulheres cronistas, autoras de livros reportagens e quadrinistas para organiza\u00e7\u00e3o de uma cartografia da participa\u00e7\u00e3o feminina na imprensa e portais;<\/li>\n<\/ul>\n\n\n\n<ul class=\"wp-block-list\">\n<li>Produ\u00e7\u00e3o de textos jornal\u00edsticos e material audiovisual para divulga\u00e7\u00e3o do conte\u00fado do projeto em diferentes plataformas;<\/li>\n<\/ul>\n\n\n\n<ul class=\"wp-block-list\">\n<li>Cria\u00e7\u00e3o do site do projeto, e gest\u00e3o de conte\u00fado em diferentes plataformas digitais do Clube de Leitura para fins de divulga\u00e7\u00e3o do projeto junto aos seus p\u00fablicos;<\/li>\n<\/ul>\n\n\n\n<ul class=\"wp-block-list\">\n<li>Elabora\u00e7\u00e3o de relat\u00f3rio mensal do projeto; elabora\u00e7\u00e3o do relat\u00f3rio parcial e final; e participa\u00e7\u00e3o no ENEX.<\/li>\n<\/ul>\n\n\n\n<ul class=\"wp-block-list\">\n<li>\u00a0Participar das atividades de estudo e elabora\u00e7\u00e3o\/produ\u00e7\u00e3o de trabalhos acad\u00eamicos (comunica\u00e7\u00f5es, artigos e livros).<\/li>\n\n\n\n<li>\u00a0Outras demandas necess\u00e1rias<\/li>\n<\/ul>\n\n\n\n<p><strong>IMPORTANTE:<\/strong><strong><\/strong><\/p>\n\n\n\n<p>&nbsp;&nbsp;&nbsp;&nbsp;&nbsp;&nbsp;&nbsp;&nbsp;&nbsp;&nbsp;&nbsp; \u00c9 obrigat\u00f3rio o envio de toda documenta\u00e7\u00e3o para o e-mail <a href=\"mailto:sandra.azevedo@academico.ufpb\">sandra.azevedo@academico.ufpb<\/a> hist\u00f3rico, curr\u00edculo lattes e a documenta\u00e7\u00e3o comprobat\u00f3ria do curr\u00edculo do (a) candidato (a), demonstrando experi\u00eancia do candidato (a). Ser\u00e3o desconsideradas as inscri\u00e7\u00f5es realizadas fora do prazo, assim como documentos incompletos.<\/p>\n\n\n\n<p>Os bolsistas selecionados receber\u00e3o, por no m\u00e1ximo 6 meses uma bolsa mensal de R$700,00 (a bolsa ser\u00e1 paga ao bolsista, enquanto no exerc\u00edcio das atividades do projeto, mediante comprova\u00e7\u00e3o de frequ\u00eancia feita por seu\/sua orientador(a).<\/p>\n\n\n\n<p><strong>DA DIVULGA\u00c7\u00c3O DOS RESULTADOS DESTA SELE\u00c7\u00c3O:<\/strong><\/p>\n\n\n\n<p>Os resultados desta sele\u00e7\u00e3o ser\u00e3o divulgados no dia 11 de julho de 2025 no perfil do Observat\u00f3rio do Jornalismo no Semi\u00e1rido (@objorsemiarido no perfil) do Instagram da Assessoria de Extes\u00e3o do CCTA (@assessoriadeextensaoccta) e no site do CCTA &#8211; UFPB (www.ccta.ufpb.br).<\/p>\n\n\n\n<p>Os discentes selecionados dever\u00e3o encaminhar ao coordenador do projeto, impreterivelmente at\u00e9 o dia 11 de julho de 2025:<\/p>\n\n\n\n<p>\u25cf Termo de Compromisso (Anexo I ao EDITAL PROEX N\u00ba 08\/2025) em 1 (uma) \u00fanica via devidamente assinado, \u00e9 recomendado ser assinatura eletr\u00f4nica;<\/p>\n\n\n\n<p>\u25cf Hist\u00f3rico escolar atualizado emitido pelo SIGAA;<\/p>\n\n\n\n<p>\u25cf C\u00f3pias de CPF e RG;<\/p>\n\n\n\n<p>\u25cf Comprovante de conta corrente de qualquer banco f\u00edsico do nosso pa\u00eds ou conta corrente dos bancos digitais NUBANK e INTER ou conta poupan\u00e7a da Caixa Econ\u00f4mica Federal. O comprovante citado dever\u00e1 ser c\u00f3pia do cart\u00e3o, extrato ou print de tela de bolsista dever\u00e1 ser o titular da conta.<\/p>\n\n\n\n<p>Jo\u00e3o Pessoa, 01 de julho de 2025<\/p>\n\n\n\n<p>Professora Doutora Sandra Raquew dos Santos Azev\u00eado<\/p>\n\n\n\n<p>Coordenadora do Projeto<br><\/p>\n\n\n\n<p><strong>OBSERVAR OS SEGUINTES ITENS DO EDITAL PROEX &#8211; UFPB NO SEU MUNIC\u00cdPIO E RESPONSABILIDADE SOCIAL \u2013 2025:<\/strong><strong><\/strong><\/p>\n\n\n\n<p>\u00cdtem 7.1. Para a sele\u00e7\u00e3o de discentes que tenham interesse em participar do projeto de extens\u00e3o aprovado no UFPB no seu Munic\u00edpio e Responsabilidade Social na condi\u00e7\u00e3o de Bolsista ou Volunt\u00e1rio, o(a) interessado(a) dever\u00e1 atender aos seguintes pr\u00e9-requisitos, conforme Decreto N\u00ba 7416\/2010, como tamb\u00e9m outros que se fa\u00e7am necess\u00e1rios ao processo de sele\u00e7\u00e3o de alunos com perfil extensionista:<\/p>\n\n\n\n<p>a) Estar regularmente matriculado (a) na UFPB;<\/p>\n\n\n\n<p>b) N\u00e3o participar, como bolsista, de outros programas acad\u00eamicos;<\/p>\n\n\n\n<p>c) N\u00e3o ser concluinte;<\/p>\n\n\n\n<p>d) Apresentar Coeficiente de Rendimento Acad\u00eamico (CRA) satisfat\u00f3rio;<\/p>\n\n\n\n<p>e) Se bolsista nos editais de 2024, ter submetido resumo no XXV ENEX;<\/p>\n\n\n\n<p>7.1.1. Para sele\u00e7\u00e3o do discente volunt\u00e1rio deve ser excetuada a exig\u00eancia contida nas al\u00edneas \u201cb\u201d e \u201ce\u201d. 7.2. O processo seletivo dos bolsistas ocorrer\u00e1 em duas fases, conforme requisitos e procedimentos abaixo descritos: 7.2.1. Fase 1 &#8211; REGISTRO DE INTERESSE no per\u00edodo de 01 a 03 de julho de 2025 e, 7.2.2. Fase 2 &#8211; SELE\u00c7\u00c3O no per\u00edodo de 04 a 10 de julho de 2025<\/p>\n\n\n\n<p>7.3.3. Os discentes interessados dever\u00e3o registrar interesse no per\u00edodo de 01 a 03 de julho de 2025, adotando os seguintes procedimentos: acessar o SIGAA &gt;&gt;&gt; acessar o menu BOLSAS &gt;&gt;&gt; clicar em OPORTUNIDADE DE BOLSA &gt;&gt;&gt; Selecionar o TIPO de bolsa EXTENS\u00c3O &gt;&gt;&gt; informar o nome do ORIENTADOR (Coordenador do projeto) &gt;&gt;&gt; Clicar em BUSCAR &gt;&gt;&gt; Clicar no \u00edcone PARTICIPAR DA SELE\u00c7\u00c3O DE BOLSA DE EXTENS\u00c3O &gt;&gt;&gt; Preencher o formul\u00e1rio que se abriu, e clicar em REGISTRAR-SE COMO INTERESSADO.<\/p>\n\n\n\n<p>7.3.4. Cada discente poder\u00e1 registrar interesse em at\u00e9 2 projetos de extens\u00e3o, contudo somente ser\u00e1 selecionado em apenas um projeto na condi\u00e7\u00e3o de bolsista, sendo poss\u00edvel ainda ser volunt\u00e1rio em outro projeto.<\/p>\n\n\n\n<p>N\u00e3o haver\u00e1 ressarcimento de despesas comprovadamente realizadas pelo(a) bolsista no exerc\u00ed cio de suas atividades, limitando-se os valores percebidos em forma de bolsa.<\/p>\n\n\n\n<p>A atividade exercida pelo(a) bolsista n\u00e3o gerar\u00e1 v\u00ednculo empregat\u00edcio de qualquer natureza com a UFPB.<\/p>\n\n\n\n<p>\u00c9 facultado ao(\u00e0 ) coordenador(a) selecionar discentes para exercerem a fun\u00e7\u00e3o de volunt\u00e1rio(a) no referido projeto, diferenciando-os dos(as) bolsistas por n\u00e3o serem remunerados(as).<\/p>\n\n\n\n<p>N\u00e3o haver\u00e1 ressarcimento de despesas comprovadamente realizadas no exerc\u00edcio do voluntariado ao Prolicen.<\/p>\n\n\n\n<p>A atividade exercida pelo(a) volunt\u00e1 rio(a) n\u00e3o gerar\u00e1 v\u00ednculos de natureza empregat\u00edcia, trabalhista ou previdenci\u00e1ria com a UFPB, nos termos do Art. 1o, Par\u00e1grafo \u00da nico da Lei no 9.608\/98.<\/p>\n","protected":false},"excerpt":{"rendered":"<p>Os coordenadores do&nbsp; \u201cClube de Leitura Narradoras do Tempo: cr\u00f4nicas, reportagens em quadrinhos e livros [&hellip;]<\/p>\n","protected":false},"author":224,"featured_media":0,"comment_status":"closed","ping_status":"open","sticky":false,"template":"","format":"standard","meta":{"footnotes":""},"categories":[1],"tags":[],"class_list":["post-100","post","type-post","status-publish","format-standard","hentry","category-uncategorized"],"_links":{"self":[{"href":"https:\/\/www.ccta.ufpb.br\/objorsemiarido\/wp-json\/wp\/v2\/posts\/100","targetHints":{"allow":["GET"]}}],"collection":[{"href":"https:\/\/www.ccta.ufpb.br\/objorsemiarido\/wp-json\/wp\/v2\/posts"}],"about":[{"href":"https:\/\/www.ccta.ufpb.br\/objorsemiarido\/wp-json\/wp\/v2\/types\/post"}],"author":[{"embeddable":true,"href":"https:\/\/www.ccta.ufpb.br\/objorsemiarido\/wp-json\/wp\/v2\/users\/224"}],"replies":[{"embeddable":true,"href":"https:\/\/www.ccta.ufpb.br\/objorsemiarido\/wp-json\/wp\/v2\/comments?post=100"}],"version-history":[{"count":2,"href":"https:\/\/www.ccta.ufpb.br\/objorsemiarido\/wp-json\/wp\/v2\/posts\/100\/revisions"}],"predecessor-version":[{"id":102,"href":"https:\/\/www.ccta.ufpb.br\/objorsemiarido\/wp-json\/wp\/v2\/posts\/100\/revisions\/102"}],"wp:attachment":[{"href":"https:\/\/www.ccta.ufpb.br\/objorsemiarido\/wp-json\/wp\/v2\/media?parent=100"}],"wp:term":[{"taxonomy":"category","embeddable":true,"href":"https:\/\/www.ccta.ufpb.br\/objorsemiarido\/wp-json\/wp\/v2\/categories?post=100"},{"taxonomy":"post_tag","embeddable":true,"href":"https:\/\/www.ccta.ufpb.br\/objorsemiarido\/wp-json\/wp\/v2\/tags?post=100"}],"curies":[{"name":"wp","href":"https:\/\/api.w.org\/{rel}","templated":true}]}}