{"id":106,"date":"2025-08-14T13:09:16","date_gmt":"2025-08-14T16:09:16","guid":{"rendered":"https:\/\/www.ccta.ufpb.br\/objorsemiarido\/?p=106"},"modified":"2025-08-14T13:09:16","modified_gmt":"2025-08-14T16:09:16","slug":"primeiro-encontro-do-clube-de-leitura-narradoras-do-tempo-acontece-neste-sabado-na-livraria-a-uniao","status":"publish","type":"post","link":"https:\/\/www.ccta.ufpb.br\/objorsemiarido\/uncategorized\/primeiro-encontro-do-clube-de-leitura-narradoras-do-tempo-acontece-neste-sabado-na-livraria-a-uniao\/","title":{"rendered":"Primeiro encontro do Clube de Leitura &#8220;Narradoras do Tempo&#8221; acontece neste s\u00e1bado na Livraria A Uni\u00e3o"},"content":{"rendered":"\n<p>Evento re\u00fane autoras e p\u00fablico para leitura de cr\u00f4nicas produzidas por estudantes de Jornalismo da UFPB e marca lan\u00e7amento de projeto itinerante que valoriza a produ\u00e7\u00e3o liter\u00e1ria de mulheres brasileiras<\/p>\n\n\n\n<div class=\"wp-block-group\"><div class=\"wp-block-group__inner-container is-layout-constrained wp-block-group-is-layout-constrained\">\n<p class=\"has-text-align-left\"><br>Jo\u00e3o Pessoa, PB \u2013 Neste s\u00e1bado, dia 16 de agosto, a Livraria A Uni\u00e3o, no Espa\u00e7o Cultural Jos\u00e9 Lins do Rego, ser\u00e1 palco do primeiro encontro do Clube de Leitura Narradoras do Tempo. A partir das 16h, o Clube ser\u00e1 inaugurado com a realiza\u00e7\u00e3o de uma roda de leitura coletiva de cr\u00f4nicas do livro Cidade Velha, Novos Cronistas, produto da disciplina de Jornal Impresso do curso de Jornalismo da Universidade Federal da Para\u00edba (UFPB), sob organiza\u00e7\u00e3o do professor Carlos Azevedo. As autoras, todas estudantes da UFPB, participar\u00e3o ativamente do encontro, promovendo uma experi\u00eancia de escuta, troca e reflex\u00e3o com o p\u00fablico presente.<br><\/p>\n\n\n\n<p class=\"has-text-align-left\">De acordo com Carlos Azevedo, o livro, que tem como plano de fundo o centro da cidade de Jo\u00e3o Pessoa, foi pensado para fazer com que os alunos mergulhassem na hist\u00f3ria das ruas da capital e contassem as narrativas escondidas no centro hist\u00f3rico. <br><\/p>\n\n\n\n<p class=\"has-text-align-left\">&#8220;Foi um momento muito importante de andar pelo centro, encontrar personagens novos, descobrir que aquele centro tamb\u00e9m foi cen\u00e1rio da sua inf\u00e2ncia, ver as transforma\u00e7\u00f5es das ruas, o movimento da cidade, tudo reunido em cr\u00f4nicas. O cotidiano da cidade de Jo\u00e3o Pessoa, uma cidade que tem 440 anos e todo um potencial tur\u00edstico. Ent\u00e3o, percorrer as ruas \u00e9 percorrer a hist\u00f3ria da cidade&#8221; disse o professor Carlos Azevedo, organizador do livro Cidade Velha, Novos Cronistas.<br>Para as estudantes de Jornalismo e autoras das cr\u00f4nicas que ser\u00e3o lidas durante o encontro do Clube de Leitura Narradoras do Tempo, a inspira\u00e7\u00e3o para as hist\u00f3rias contadas no livro nasceram atrav\u00e9s do olhar e ouvido atento para as constru\u00e7\u00f5es, os sons e vida que o centro de Jo\u00e3o Pessoa tem a oferecer. <br><\/p>\n\n\n\n<p class=\"has-text-align-left\">&#8220;A primeira coisa que veio na minha cabe\u00e7a foi a ideia de personificar o centro, de lhe atribuir caracter\u00edsticas humanas e sentimentos. E esse sentimento na vis\u00e3o geral seria o de abandono e a necessidade de voltar a ser o que era&#8221;, disse L\u00f3ren Stayner, autora da cr\u00f4nica O limbo entre o ser e n\u00e3o ser.<br><\/p>\n\n\n\n<p class=\"has-text-align-left\">&#8220;Eu me diverti muito fazendo, porque eu escrevi muita coisa que eu lembrava da minha cabe\u00e7a, s\u00f3 que eu tive que perguntar muito pros meus av\u00f3s, pra minha m\u00e3e, pros meus tios, e saber como foram as hist\u00f3rias deles, a relacionar melhor essas hist\u00f3rias com o centro da cidade&#8221; disse Leila Maria, autora da cr\u00f4nica O menino perambulante.<br><\/p>\n\n\n\n<p class=\"has-text-align-left\">&#8220;O Hotel Globo e os seus arredores serviu justamente como gatilho para me trazer reflex\u00f5es sobre mem\u00f3ria, sobre tempo, sobre abandono e sobre resili\u00eancia. A inspira\u00e7\u00e3o veio da observa\u00e7\u00e3o aos detalhes. [\u2026] O patrim\u00f4nio hist\u00f3rico, a rela\u00e7\u00e3o da cidade com o passado e a possibilidade de se renascer&#8221; disse Clara Amaral, autora da cr\u00f4nica Hotel Globo: um olhar melanc\u00f3lico sobre o passado.<br>Para Eduardo Augusto, um dos respons\u00e1veis pela realiza\u00e7\u00e3o do encontro na Livraria da Uni\u00e3o, o encontro celebra um momento de fomento \u00e0 leitura e \u00e0 cultura.<br><\/p>\n\n\n\n<p class=\"has-text-align-left\">&#8220;Eu fico muito feliz de a Livraria A Uni\u00e3o sediar o primeiro encontro e a inaugura\u00e7\u00e3o do clube. \u00c9 pra isso que serve a livraria, para fomentar a leitura, fomentar o livro, fomentar a cultura, ent\u00e3o pra gente \u00e9 uma alegria e uma honra&#8221; disse Eduardo Augusto, da Editora A Uni\u00e3o. <br>Sobre o projeto<br><br>O Clube de Leitura Narradoras do Tempo \u00e9 um projeto organizado pela jornalista e tamb\u00e9m professora da UFPB, Sandra Raquew Azevedo, e nasceu com a miss\u00e3o de dar visibilidade \u00e0 rica e, muitas vezes, negligenciada, produ\u00e7\u00e3o liter\u00e1ria, jornal\u00edstica, biogr\u00e1fica e em quadrinhos feita por mulheres brasileiras. O clube prop\u00f5e encontros com foco em a\u00e7\u00f5es de fomento \u00e0 leitura, escrita criativa e produ\u00e7\u00e3o de narrativas visuais, principalmente em escolas p\u00fablicas, aldeias ind\u00edgenas e centros culturais de munic\u00edpios do interior da Para\u00edba, como a biblioteca p\u00fablica de Duas Estradas e institui\u00e7\u00f5es de ensino nas aldeias potiguaras.<br><\/p>\n\n\n\n<p class=\"has-text-align-left\">\u201cO Clube de Leitura surgiu a partir da experi\u00eancia enquanto leitora de mulheres jornalistas, quadrinistas e escritoras que atuam na imprensa enquanto cronistas, porque todas elas t\u00eam trazido grande contribui\u00e7\u00e3o ao debate p\u00fablico sobre temas de grande relev\u00e2ncia socialmente\u201d, disse Sandra Raquew. <br><\/p>\n\n\n\n<p class=\"has-text-align-left\">A proposta do clube surge em resposta \u00e0 preocupante queda nos \u00edndices de leitura no pa\u00eds. Segundo a pesquisa \u201cRetratos da Leitura no Brasil\u201d (2024), do Instituto Pr\u00f3-Livro, 53% dos brasileiros n\u00e3o leram nenhum livro no \u00faltimo ano, e o Nordeste aparece como a regi\u00e3o com o menor n\u00famero de leitores. O dado acende um alerta para a urg\u00eancia de iniciativas como o Clube de Leitura Narradoras do Tempo, que aliam literatura, educa\u00e7\u00e3o e protagonismo feminino.<br><\/p>\n\n\n\n<p class=\"has-text-align-left\">O evento \u00e9 gratuito e aberto ao p\u00fablico. Interessados e interessadas em participar do clube podem se inscrever durante o encontro ou acompanhar as redes sociais da iniciativa, onde ser\u00e3o divulgadas as pr\u00f3ximas a\u00e7\u00f5es itinerantes pelo estado.<br>Servi\u00e7o<br><br> \ud83d\udcda Encontro inaugural do Clube de Leitura Narradoras do Tempo<br> \ud83d\udcc5 S\u00e1bado, 16 de agosto<br> \ud83d\udd53 A partir das 16h<br> \ud83d\udccd Livraria Uni\u00e3o \u2013 Espa\u00e7o Cultural Jos\u00e9 Lins do Rego, Jo\u00e3o Pessoa<br> \ud83d\udcac Leitura do livro \u201cCidade Velha, Novos Cronistas\u201d + roda de conversa com autoras<br> \ud83c\udf9f Evento gratuito<br><br><\/p>\n<\/div><\/div>\n","protected":false},"excerpt":{"rendered":"<p>Evento re\u00fane autoras e p\u00fablico para leitura de cr\u00f4nicas produzidas por estudantes de Jornalismo da [&hellip;]<\/p>\n","protected":false},"author":223,"featured_media":109,"comment_status":"closed","ping_status":"open","sticky":false,"template":"","format":"standard","meta":{"footnotes":""},"categories":[1],"tags":[11,3,5,10,6,7],"class_list":["post-106","post","type-post","status-publish","format-standard","has-post-thumbnail","hentry","category-uncategorized","tag-narradorasdotempo-2","tag-clubedeleitura","tag-leiamulheres","tag-mulheresjornalistas","tag-objorsemiarido","tag-ufpbemseumunicipio"],"_links":{"self":[{"href":"https:\/\/www.ccta.ufpb.br\/objorsemiarido\/wp-json\/wp\/v2\/posts\/106","targetHints":{"allow":["GET"]}}],"collection":[{"href":"https:\/\/www.ccta.ufpb.br\/objorsemiarido\/wp-json\/wp\/v2\/posts"}],"about":[{"href":"https:\/\/www.ccta.ufpb.br\/objorsemiarido\/wp-json\/wp\/v2\/types\/post"}],"author":[{"embeddable":true,"href":"https:\/\/www.ccta.ufpb.br\/objorsemiarido\/wp-json\/wp\/v2\/users\/223"}],"replies":[{"embeddable":true,"href":"https:\/\/www.ccta.ufpb.br\/objorsemiarido\/wp-json\/wp\/v2\/comments?post=106"}],"version-history":[{"count":2,"href":"https:\/\/www.ccta.ufpb.br\/objorsemiarido\/wp-json\/wp\/v2\/posts\/106\/revisions"}],"predecessor-version":[{"id":110,"href":"https:\/\/www.ccta.ufpb.br\/objorsemiarido\/wp-json\/wp\/v2\/posts\/106\/revisions\/110"}],"wp:featuredmedia":[{"embeddable":true,"href":"https:\/\/www.ccta.ufpb.br\/objorsemiarido\/wp-json\/wp\/v2\/media\/109"}],"wp:attachment":[{"href":"https:\/\/www.ccta.ufpb.br\/objorsemiarido\/wp-json\/wp\/v2\/media?parent=106"}],"wp:term":[{"taxonomy":"category","embeddable":true,"href":"https:\/\/www.ccta.ufpb.br\/objorsemiarido\/wp-json\/wp\/v2\/categories?post=106"},{"taxonomy":"post_tag","embeddable":true,"href":"https:\/\/www.ccta.ufpb.br\/objorsemiarido\/wp-json\/wp\/v2\/tags?post=106"}],"curies":[{"name":"wp","href":"https:\/\/api.w.org\/{rel}","templated":true}]}}