{"id":481,"date":"2026-08-21T09:09:38","date_gmt":"2026-08-21T12:09:38","guid":{"rendered":"https:\/\/www.ccta.ufpb.br\/ppgm\/?p=481"},"modified":"2026-08-21T09:09:38","modified_gmt":"2026-08-21T12:09:38","slug":"ppgm-convida-para-o-i-simposio-brasileiro-de-ciencia-da-performance","status":"publish","type":"post","link":"https:\/\/www.ccta.ufpb.br\/ppgm\/eventos\/ppgm-convida-para-o-i-simposio-brasileiro-de-ciencia-da-performance\/","title":{"rendered":"PPGM convida para o I Simp\u00f3sio Brasileiro de Ci\u00eancia da Performance"},"content":{"rendered":"\n<p class=\"wp-block-paragraph\">O Programa de P\u00f3s-Gradua\u00e7\u00e3o em M\u00fasica (PPGM) convida sua comunidade acad\u00eamica para participar do <strong>I Simp\u00f3sio Brasileiro de Ci\u00eancia da Performance<\/strong>, que ser\u00e1 realizado de <strong>27 a 30 de agosto, na Universidade Federal da Para\u00edba (UFPB)<\/strong>.<\/p>\n\n\n\n<p class=\"wp-block-paragraph\">De car\u00e1ter interdisciplinar e pioneiro no cen\u00e1rio cient\u00edfico nacional, o Simp\u00f3sio reunir\u00e1 pesquisadores, profissionais e estudantes de diferentes \u00e1reas para discutir a performance humana em contextos de alta exig\u00eancia, articulando conhecimentos das artes, sa\u00fade, educa\u00e7\u00e3o, esporte, lideran\u00e7a e outras \u00e1reas.<\/p>\n\n\n\n<p class=\"wp-block-paragraph\">A programa\u00e7\u00e3o contar\u00e1 com <strong>confer\u00eancias, mesas-redondas interdisciplinares, sess\u00f5es de comunica\u00e7\u00f5es cient\u00edficas, oficinas pr\u00e1ticas e concertos-confer\u00eancia<\/strong>, proporcionando um espa\u00e7o de di\u00e1logo entre pesquisa, forma\u00e7\u00e3o e pr\u00e1tica profissional.<\/p>\n\n\n\n<p class=\"wp-block-paragraph\">Para a comunidade da M\u00fasica, o evento constitui uma oportunidade de aprofundar discuss\u00f5es sobre a performance musical, considerando a integra\u00e7\u00e3o entre habilidades t\u00e9cnicas, cognitivas e emocionais, al\u00e9m de quest\u00f5es relacionadas \u00e0 sa\u00fade, ao bem-estar e \u00e0 sustentabilidade das pr\u00e1ticas profissionais.<\/p>\n\n\n\n<p class=\"wp-block-paragraph\"><strong>Participe desse encontro e fa\u00e7a parte das discuss\u00f5es sobre os diferentes caminhos da Ci\u00eancia da Performance no Brasil!<\/strong><\/p>\n\n\n\n<p class=\"wp-block-paragraph\">\ud83d\udcc5 <strong>27 a 30 de agosto<\/strong><br>\ud83d\udccd <strong>Universidade Federal da Para\u00edba \u2013 UFPB<\/strong><\/p>\n\n\n\n<p class=\"wp-block-paragraph\">\ud83d\udd17 <strong>Inscri\u00e7\u00f5es e submiss\u00e3o de trabalhos:<\/strong><br><a href=\"https:\/\/www.even3.com.br\/1-simposio-brasileiro-de-ciencia-da-performance-695811\/?utm_source=chatgpt.com\">I Simp\u00f3sio Brasileiro de Ci\u00eancia da Performance \u2013 Even3<\/a><\/p>\n\n\n\n<div data-wp-interactive=\"core\/file\" class=\"wp-block-file\"><object data-wp-bind--hidden=\"!state.hasPdfPreview\" hidden class=\"wp-block-file__embed\" data=\"https:\/\/www.ccta.ufpb.br\/ppgm\/wp-content\/uploads\/sites\/102\/sites\/448\/2026\/08\/SBCP_Apresentacao.pdf\" type=\"application\/pdf\" style=\"width:100%;height:600px\" aria-label=\"Incorporado de SBCP_Apresentac\u0327a\u0303o.\"><\/object><a id=\"wp-block-file--media-f2cb403e-8849-4f62-af52-b856420cee7a\" href=\"https:\/\/www.ccta.ufpb.br\/ppgm\/wp-content\/uploads\/sites\/102\/sites\/448\/2026\/08\/SBCP_Apresentacao.pdf\">SBCP_Apresentac\u0327a\u0303o<\/a><a href=\"https:\/\/www.ccta.ufpb.br\/ppgm\/wp-content\/uploads\/sites\/102\/sites\/448\/2026\/08\/SBCP_Apresentacao.pdf\" class=\"wp-block-file__button wp-element-button\" download aria-describedby=\"wp-block-file--media-f2cb403e-8849-4f62-af52-b856420cee7a\">Baixar<\/a><\/div>\n\n\n\n<figure class=\"wp-block-image\"><img loading=\"lazy\" decoding=\"async\" width=\"1080\" height=\"1440\" src=\"https:\/\/www.ccta.ufpb.br\/ppgm\/wp-content\/uploads\/sites\/102\/sites\/448\/2026\/08\/PROGRAMACAO.jpeg\" alt=\"\" class=\"wp-image-483\" srcset=\"https:\/\/www.ccta.ufpb.br\/ppgm\/wp-content\/uploads\/sites\/102\/sites\/448\/2026\/08\/PROGRAMACAO.jpeg 1080w, https:\/\/www.ccta.ufpb.br\/ppgm\/wp-content\/uploads\/sites\/102\/sites\/448\/2026\/08\/PROGRAMACAO-225x300.jpeg 225w, https:\/\/www.ccta.ufpb.br\/ppgm\/wp-content\/uploads\/sites\/102\/sites\/448\/2026\/08\/PROGRAMACAO-768x1024.jpeg 768w\" sizes=\"auto, (max-width: 1080px) 100vw, 1080px\" \/><\/figure>\n\n\n\n<p class=\"wp-block-paragraph\"><\/p>\n","protected":false},"excerpt":{"rendered":"<p>O Programa de P\u00f3s-Gradua\u00e7\u00e3o em M\u00fasica (PPGM) convida sua comunidade acad\u00eamica para participar do I [&hellip;]<\/p>\n","protected":false},"author":293,"featured_media":484,"comment_status":"closed","ping_status":"","sticky":false,"template":"","format":"standard","meta":{"footnotes":""},"categories":[13],"tags":[],"class_list":["post-481","post","type-post","status-publish","format-standard","has-post-thumbnail","hentry","category-eventos"],"_links":{"self":[{"href":"https:\/\/www.ccta.ufpb.br\/ppgm\/wp-json\/wp\/v2\/posts\/481","targetHints":{"allow":["GET"]}}],"collection":[{"href":"https:\/\/www.ccta.ufpb.br\/ppgm\/wp-json\/wp\/v2\/posts"}],"about":[{"href":"https:\/\/www.ccta.ufpb.br\/ppgm\/wp-json\/wp\/v2\/types\/post"}],"author":[{"embeddable":true,"href":"https:\/\/www.ccta.ufpb.br\/ppgm\/wp-json\/wp\/v2\/users\/293"}],"replies":[{"embeddable":true,"href":"https:\/\/www.ccta.ufpb.br\/ppgm\/wp-json\/wp\/v2\/comments?post=481"}],"version-history":[{"count":1,"href":"https:\/\/www.ccta.ufpb.br\/ppgm\/wp-json\/wp\/v2\/posts\/481\/revisions"}],"predecessor-version":[{"id":485,"href":"https:\/\/www.ccta.ufpb.br\/ppgm\/wp-json\/wp\/v2\/posts\/481\/revisions\/485"}],"wp:featuredmedia":[{"embeddable":true,"href":"https:\/\/www.ccta.ufpb.br\/ppgm\/wp-json\/wp\/v2\/media\/484"}],"wp:attachment":[{"href":"https:\/\/www.ccta.ufpb.br\/ppgm\/wp-json\/wp\/v2\/media?parent=481"}],"wp:term":[{"taxonomy":"category","embeddable":true,"href":"https:\/\/www.ccta.ufpb.br\/ppgm\/wp-json\/wp\/v2\/categories?post=481"},{"taxonomy":"post_tag","embeddable":true,"href":"https:\/\/www.ccta.ufpb.br\/ppgm\/wp-json\/wp\/v2\/tags?post=481"}],"curies":[{"name":"wp","href":"https:\/\/api.w.org\/{rel}","templated":true}]}}